{"id":58,"date":"2025-01-23T12:37:32","date_gmt":"2025-01-23T18:37:32","guid":{"rendered":"https:\/\/videre.lat\/?p=58"},"modified":"2025-01-29T12:45:28","modified_gmt":"2025-01-29T18:45:28","slug":"que-es-la-autorregulacion-en-materia-de-proteccion-de-datos","status":"publish","type":"post","link":"https:\/\/videre.lat\/en\/que-es-la-autorregulacion-en-materia-de-proteccion-de-datos\/","title":{"rendered":"What is Self-Regulation in Data Protection?"},"content":{"rendered":"<p>La autorregulaci\u00f3n en materia de protecci\u00f3n de datos se refiere a los esfuerzos voluntarios de las empresas y organizaciones para establecer y cumplir con est\u00e1ndares de privacidad, es decir, cumplir con la ley, e incluso, ir m\u00e1s all\u00e1 de sus requerimientos al permitir innovar en favor de los titulares de los datos. Aunque la regulaci\u00f3n es fundamental, la autorregulaci\u00f3n puede complementar y fortalecer estos marcos legales, ofreciendo una serie de beneficios.<\/p>\n<p>M\u00e9xico es parte de diversos acuerdos y tratados internacionales que incluyen la protecci\u00f3n de datos como un eje fundamental para el libre flujo de datos, informado, controlado y seguro, generando competitividad y un aumento significativo de los negocios trasnacionales.<\/p>\n<p>M\u00e1s a\u00fan, en este tema espec\u00edfico, la Ley mexicana de protecci\u00f3n de datos aplicable a los particulares, establece que\u00a0 las personas f\u00edsicas o morales podr\u00e1n convenir entre ellas o con organizaciones civiles o gubernamentales, nacionales o extranjeras, esquemas de autorregulaci\u00f3n vinculante en la materia, que complementen lo dispuesto por la norma y que dichos esquemas deber\u00e1n contener mecanismos para medir su eficacia en la protecci\u00f3n de los datos, consecuencias y medidas correctivas eficaces en caso de incumplimiento. <\/p>\n<p>Estos esquemas pueden traducirse en c\u00f3digos deontol\u00f3gicos o de buena pr\u00e1ctica profesional, sellos de confianza u otros mecanismos y contendr\u00e1n reglas o est\u00e1ndares espec\u00edficos que permitan armonizar los tratamientos de datos efectuados por los adheridos y facilitar el ejercicio de los derechos de los titulares. <\/p>\n<p><img loading=\"lazy\" decoding=\"async\" src=\"https:\/\/videre.lat\/wp-content\/uploads\/2025\/01\/p-392018.webp\" alt=\"\" width=\"1200\" height=\"800\" class=\"aligncenter size-full wp-image-62\" srcset=\"https:\/\/videre.lat\/wp-content\/uploads\/2025\/01\/p-392018.webp 1200w, https:\/\/videre.lat\/wp-content\/uploads\/2025\/01\/p-392018-300x200.webp 300w, https:\/\/videre.lat\/wp-content\/uploads\/2025\/01\/p-392018-1024x683.webp 1024w, https:\/\/videre.lat\/wp-content\/uploads\/2025\/01\/p-392018-768x512.webp 768w\" sizes=\"auto, (max-width: 1200px) 100vw, 1200px\" \/><\/p>\n<p><strong>\u00bfCu\u00e1les son los beneficios de la Autorregulaci\u00f3n para empresas y organizaciones? <\/strong><\/p>\n<ul>\n<li><strong>Flexibilidad:<\/strong> Permite a las organizaciones adaptar las medidas de protecci\u00f3n de datos a sus necesidades y caracter\u00edsticas espec\u00edficas, fomentando la innovaci\u00f3n y la eficiencia. <\/li>\n<li><strong>Agilidad:<\/strong> La autorregulaci\u00f3n puede responder m\u00e1s r\u00e1pidamente a los cambios tecnol\u00f3gicos y a las nuevas amenazas, evitando la rigidez de los marcos regulatorios tradicionales. <\/li>\n<li><strong>Colaboraci\u00f3n:<\/strong> Fomenta la colaboraci\u00f3n entre empresas, organizaciones y autoridades, creando un entorno m\u00e1s cooperativo para la protecci\u00f3n de datos. <\/li>\n<li><strong>Continuous improvement:<\/strong> La autorregulaci\u00f3n promueve una cultura de mejora continua, ya que las organizaciones se ven motivadas a actualizar constantemente sus pr\u00e1cticas para mantener altos est\u00e1ndares de protecci\u00f3n de datos. <\/li>\n<li><strong>Reducci\u00f3n de costos:<\/strong> En algunos casos, la autorregulaci\u00f3n puede ser m\u00e1s costo-efectiva que el cumplimiento estricto de la normativa, al permitir a las organizaciones identificar y abordar los riesgos de manera m\u00e1s eficiente. <\/li>\n<li><strong>Intercambio de datos\/comercio digital sin fronteras:<\/strong> La autorregulaci\u00f3n facilita y expedita el intercambio de datos personales globalmente lo que encaja de manera exacta con el dinamismo de la era digital. <\/li>\n<\/ul>\n<p><strong>Ejemplos internacionales exitosos en materia de autorregulaci\u00f3n: <\/strong><\/p>\n<ul>\n<li><strong>Escudos de privacidad:<\/strong> Programas como el Escudo de Privacidad UE-EE.UU. y el Escudo de Privacidad Suiza-EE.UU. establecieron marcos de autorregulaci\u00f3n para las empresas que transfieren datos personales desde Europa a Estados Unidos. Estos programas, aunque suspendidos temporalmente, demostraron la viabilidad de la autorregulaci\u00f3n a nivel internacional.\n  <\/li>\n<li><strong>C\u00f3digos de conducta:<\/strong> Muchos sectores industriales han desarrollado c\u00f3digos de conducta espec\u00edficos para la protecci\u00f3n de datos, como el sector financiero o el de la salud. Estos c\u00f3digos establecen normas y pr\u00e1cticas recomendadas para garantizar la protecci\u00f3n de los datos personales.\n  <\/li>\n<li><strong>Sellos de privacidad:<\/strong> Sellos como el sello de privacidad de TRUSTe o el sello de privacidad de ePrivacyseal permiten a las organizaciones demostrar su compromiso con la protecci\u00f3n de datos y obtener la confianza de los consumidores.\n  <\/li>\n<li><strong>Autorregulaci\u00f3n en la Uni\u00f3n Europea:<\/strong> Aunque el RGPD establece un marco regulatorio s\u00f3lido, la Uni\u00f3n Europea tambi\u00e9n fomenta la autorregulaci\u00f3n a trav\u00e9s de mecanismos como los c\u00f3digos de conducta y los grupos de trabajo.\n  <\/li>\n<\/ul>\n<p><strong>Conclusi\u00f3n<\/strong><\/p>\n<p>La autorregulaci\u00f3n puede ser una herramienta eficaz para complementar la regulaci\u00f3n y promover la protecci\u00f3n de datos. Sin embargo, es fundamental que los esquemas de autorregulaci\u00f3n sean transparentes, verificables y respaldados por mecanismos de supervisi\u00f3n adecuados. Adem\u00e1s, es necesario un di\u00e1logo constante entre los reguladores, las empresas y la sociedad civil para garantizar que la autorregulaci\u00f3n sea efectiva y beneficie a todos.<\/p>\n<p>En resumen, la autorregulaci\u00f3n ofrece un enfoque flexible y eficiente para la protecci\u00f3n de datos, pero debe ser complementada por un marco regulatorio s\u00f3lido y una supervisi\u00f3n adecuada.<\/p>","protected":false},"excerpt":{"rendered":"<p>Self-regulation in data protection refers to the voluntary efforts of companies and organizations to establish and comply with privacy standards, that is, to comply with the law, and even go beyond its requirements by enabling innovation in favor of data subjects. <\/p>","protected":false},"author":1,"featured_media":62,"comment_status":"closed","ping_status":"closed","sticky":false,"template":"","format":"standard","meta":{"footnotes":""},"categories":[1],"tags":[],"class_list":["post-58","post","type-post","status-publish","format-standard","has-post-thumbnail","hentry","category-blog"],"yoast_head":"<!-- This site is optimized with the Yoast SEO plugin v26.9 - https:\/\/yoast.com\/product\/yoast-seo-wordpress\/ -->\n<title>\u00bfQu\u00e9 es la Autorregulaci\u00f3n en materia de Protecci\u00f3n de Datos? - videre<\/title>\n<meta name=\"description\" content=\"La autorregulaci\u00f3n en materia de protecci\u00f3n de datos se refiere a los esfuerzos voluntarios de las empresas y organizaciones para establecer y cumplir con est\u00e1ndares de privacidad, es decir, cumplir con la ley, e incluso, ir m\u00e1s all\u00e1 de sus requerimientos al permitir innovar en favor de los titulares de los datos.\" \/>\n<meta name=\"robots\" content=\"index, follow, max-snippet:-1, max-image-preview:large, max-video-preview:-1\" \/>\n<link rel=\"canonical\" href=\"https:\/\/videre.lat\/en\/que-es-la-autorregulacion-en-materia-de-proteccion-de-datos\/\" \/>\n<meta property=\"og:locale\" content=\"en_US\" \/>\n<meta property=\"og:type\" content=\"article\" \/>\n<meta property=\"og:title\" content=\"\u00bfQu\u00e9 es la Autorregulaci\u00f3n en materia de Protecci\u00f3n de Datos? - videre\" \/>\n<meta property=\"og:description\" content=\"La autorregulaci\u00f3n en materia de protecci\u00f3n de datos se refiere a los esfuerzos voluntarios de las empresas y organizaciones para establecer y cumplir con est\u00e1ndares de privacidad, es decir, cumplir con la ley, e incluso, ir m\u00e1s all\u00e1 de sus requerimientos al permitir innovar en favor de los titulares de los datos.\" \/>\n<meta property=\"og:url\" content=\"https:\/\/videre.lat\/en\/que-es-la-autorregulacion-en-materia-de-proteccion-de-datos\/\" \/>\n<meta property=\"og:site_name\" content=\"videre\" \/>\n<meta property=\"article:publisher\" content=\"https:\/\/www.facebook.com\/viderelat\" \/>\n<meta property=\"article:published_time\" content=\"2025-01-23T18:37:32+00:00\" \/>\n<meta property=\"article:modified_time\" content=\"2025-01-29T18:45:28+00:00\" \/>\n<meta property=\"og:image\" content=\"https:\/\/videre.lat\/wp-content\/uploads\/2025\/01\/p-392018.webp\" \/>\n\t<meta property=\"og:image:width\" content=\"1200\" \/>\n\t<meta property=\"og:image:height\" content=\"800\" \/>\n\t<meta property=\"og:image:type\" content=\"image\/webp\" \/>\n<meta name=\"author\" content=\"VIDERE\" \/>\n<meta name=\"twitter:card\" content=\"summary_large_image\" \/>\n<meta name=\"twitter:creator\" content=\"@viderelat\" \/>\n<meta name=\"twitter:site\" content=\"@viderelat\" \/>\n<meta name=\"twitter:label1\" content=\"Written by\" \/>\n\t<meta name=\"twitter:data1\" content=\"VIDERE\" \/>\n\t<meta name=\"twitter:label2\" content=\"Est. reading time\" \/>\n\t<meta name=\"twitter:data2\" content=\"4 minutes\" \/>\n<script type=\"application\/ld+json\" class=\"yoast-schema-graph\">{\"@context\":\"https:\/\/schema.org\",\"@graph\":[{\"@type\":\"Article\",\"@id\":\"https:\/\/videre.lat\/que-es-la-autorregulacion-en-materia-de-proteccion-de-datos\/#article\",\"isPartOf\":{\"@id\":\"https:\/\/videre.lat\/que-es-la-autorregulacion-en-materia-de-proteccion-de-datos\/\"},\"author\":{\"name\":\"VIDERE\",\"@id\":\"https:\/\/videre.lat\/#\/schema\/person\/e1c85d489988792c4f5dadcb8202c0c3\"},\"headline\":\"\u00bfQu\u00e9 es la Autorregulaci\u00f3n en materia de Protecci\u00f3n de Datos?\",\"datePublished\":\"2025-01-23T18:37:32+00:00\",\"dateModified\":\"2025-01-29T18:45:28+00:00\",\"mainEntityOfPage\":{\"@id\":\"https:\/\/videre.lat\/que-es-la-autorregulacion-en-materia-de-proteccion-de-datos\/\"},\"wordCount\":752,\"publisher\":{\"@id\":\"https:\/\/videre.lat\/#organization\"},\"image\":{\"@id\":\"https:\/\/videre.lat\/que-es-la-autorregulacion-en-materia-de-proteccion-de-datos\/#primaryimage\"},\"thumbnailUrl\":\"https:\/\/videre.lat\/wp-content\/uploads\/2025\/01\/p-392018.webp\",\"articleSection\":[\"Blog\"],\"inLanguage\":\"en-US\"},{\"@type\":\"WebPage\",\"@id\":\"https:\/\/videre.lat\/que-es-la-autorregulacion-en-materia-de-proteccion-de-datos\/\",\"url\":\"https:\/\/videre.lat\/que-es-la-autorregulacion-en-materia-de-proteccion-de-datos\/\",\"name\":\"\u00bfQu\u00e9 es la Autorregulaci\u00f3n en materia de Protecci\u00f3n de Datos? - videre\",\"isPartOf\":{\"@id\":\"https:\/\/videre.lat\/#website\"},\"primaryImageOfPage\":{\"@id\":\"https:\/\/videre.lat\/que-es-la-autorregulacion-en-materia-de-proteccion-de-datos\/#primaryimage\"},\"image\":{\"@id\":\"https:\/\/videre.lat\/que-es-la-autorregulacion-en-materia-de-proteccion-de-datos\/#primaryimage\"},\"thumbnailUrl\":\"https:\/\/videre.lat\/wp-content\/uploads\/2025\/01\/p-392018.webp\",\"datePublished\":\"2025-01-23T18:37:32+00:00\",\"dateModified\":\"2025-01-29T18:45:28+00:00\",\"description\":\"La autorregulaci\u00f3n en materia de protecci\u00f3n de datos se refiere a los esfuerzos voluntarios de las empresas y organizaciones para establecer y cumplir con est\u00e1ndares de privacidad, es decir, cumplir con la ley, e incluso, ir m\u00e1s all\u00e1 de sus requerimientos al permitir innovar en favor de los titulares de los datos.\",\"breadcrumb\":{\"@id\":\"https:\/\/videre.lat\/que-es-la-autorregulacion-en-materia-de-proteccion-de-datos\/#breadcrumb\"},\"inLanguage\":\"en-US\",\"potentialAction\":[{\"@type\":\"ReadAction\",\"target\":[\"https:\/\/videre.lat\/que-es-la-autorregulacion-en-materia-de-proteccion-de-datos\/\"]}]},{\"@type\":\"ImageObject\",\"inLanguage\":\"en-US\",\"@id\":\"https:\/\/videre.lat\/que-es-la-autorregulacion-en-materia-de-proteccion-de-datos\/#primaryimage\",\"url\":\"https:\/\/videre.lat\/wp-content\/uploads\/2025\/01\/p-392018.webp\",\"contentUrl\":\"https:\/\/videre.lat\/wp-content\/uploads\/2025\/01\/p-392018.webp\",\"width\":1200,\"height\":800},{\"@type\":\"BreadcrumbList\",\"@id\":\"https:\/\/videre.lat\/que-es-la-autorregulacion-en-materia-de-proteccion-de-datos\/#breadcrumb\",\"itemListElement\":[{\"@type\":\"ListItem\",\"position\":1,\"name\":\"Portada\",\"item\":\"https:\/\/videre.lat\/\"},{\"@type\":\"ListItem\",\"position\":2,\"name\":\"\u00bfQu\u00e9 es la Autorregulaci\u00f3n en materia de Protecci\u00f3n de Datos?\"}]},{\"@type\":\"WebSite\",\"@id\":\"https:\/\/videre.lat\/#website\",\"url\":\"https:\/\/videre.lat\/\",\"name\":\"videre\",\"description\":\"Somos una firma de abogac\u00eda digital\",\"publisher\":{\"@id\":\"https:\/\/videre.lat\/#organization\"},\"potentialAction\":[{\"@type\":\"SearchAction\",\"target\":{\"@type\":\"EntryPoint\",\"urlTemplate\":\"https:\/\/videre.lat\/?s={search_term_string}\"},\"query-input\":{\"@type\":\"PropertyValueSpecification\",\"valueRequired\":true,\"valueName\":\"search_term_string\"}}],\"inLanguage\":\"en-US\"},{\"@type\":\"Organization\",\"@id\":\"https:\/\/videre.lat\/#organization\",\"name\":\"videre\",\"url\":\"https:\/\/videre.lat\/\",\"logo\":{\"@type\":\"ImageObject\",\"inLanguage\":\"en-US\",\"@id\":\"https:\/\/videre.lat\/#\/schema\/logo\/image\/\",\"url\":\"https:\/\/videre.lat\/wp-content\/uploads\/2025\/01\/videre-logo.png\",\"contentUrl\":\"https:\/\/videre.lat\/wp-content\/uploads\/2025\/01\/videre-logo.png\",\"width\":1600,\"height\":1600,\"caption\":\"videre\"},\"image\":{\"@id\":\"https:\/\/videre.lat\/#\/schema\/logo\/image\/\"},\"sameAs\":[\"https:\/\/www.facebook.com\/viderelat\",\"https:\/\/x.com\/viderelat\",\"https:\/\/www.linkedin.com\/company\/viderelat\"]},{\"@type\":\"Person\",\"@id\":\"https:\/\/videre.lat\/#\/schema\/person\/e1c85d489988792c4f5dadcb8202c0c3\",\"name\":\"VIDERE\",\"image\":{\"@type\":\"ImageObject\",\"inLanguage\":\"en-US\",\"@id\":\"https:\/\/videre.lat\/#\/schema\/person\/image\/\",\"url\":\"https:\/\/secure.gravatar.com\/avatar\/6229866e1a76d2b62ff5f66c836bdb51baef7374d7bd25c23191c3fd345ece82?s=96&d=mm&r=g\",\"contentUrl\":\"https:\/\/secure.gravatar.com\/avatar\/6229866e1a76d2b62ff5f66c836bdb51baef7374d7bd25c23191c3fd345ece82?s=96&d=mm&r=g\",\"caption\":\"VIDERE\"},\"sameAs\":[\"https:\/\/videre.lat\"],\"url\":\"https:\/\/videre.lat\/en\/author\/jorgelanda\/\"}]}<\/script>\n<!-- \/ Yoast SEO plugin. -->","yoast_head_json":{"title":"\u00bfQu\u00e9 es la Autorregulaci\u00f3n en materia de Protecci\u00f3n de Datos? - videre","description":"Self-regulation in data protection refers to the voluntary efforts of companies and organizations to establish and comply with privacy standards, that is, to comply with the law, and even go beyond its requirements by enabling innovation in favor of data subjects.","robots":{"index":"index","follow":"follow","max-snippet":"max-snippet:-1","max-image-preview":"max-image-preview:large","max-video-preview":"max-video-preview:-1"},"canonical":"https:\/\/videre.lat\/en\/que-es-la-autorregulacion-en-materia-de-proteccion-de-datos\/","og_locale":"en_US","og_type":"article","og_title":"\u00bfQu\u00e9 es la Autorregulaci\u00f3n en materia de Protecci\u00f3n de Datos? - videre","og_description":"La autorregulaci\u00f3n en materia de protecci\u00f3n de datos se refiere a los esfuerzos voluntarios de las empresas y organizaciones para establecer y cumplir con est\u00e1ndares de privacidad, es decir, cumplir con la ley, e incluso, ir m\u00e1s all\u00e1 de sus requerimientos al permitir innovar en favor de los titulares de los datos.","og_url":"https:\/\/videre.lat\/en\/que-es-la-autorregulacion-en-materia-de-proteccion-de-datos\/","og_site_name":"videre","article_publisher":"https:\/\/www.facebook.com\/viderelat","article_published_time":"2025-01-23T18:37:32+00:00","article_modified_time":"2025-01-29T18:45:28+00:00","og_image":[{"width":1200,"height":800,"url":"https:\/\/videre.lat\/wp-content\/uploads\/2025\/01\/p-392018.webp","type":"image\/webp"}],"author":"VIDERE","twitter_card":"summary_large_image","twitter_creator":"@viderelat","twitter_site":"@viderelat","twitter_misc":{"Written by":"VIDERE","Est. reading time":"4 minutes"},"schema":{"@context":"https:\/\/schema.org","@graph":[{"@type":"Article","@id":"https:\/\/videre.lat\/que-es-la-autorregulacion-en-materia-de-proteccion-de-datos\/#article","isPartOf":{"@id":"https:\/\/videre.lat\/que-es-la-autorregulacion-en-materia-de-proteccion-de-datos\/"},"author":{"name":"VIDERE","@id":"https:\/\/videre.lat\/#\/schema\/person\/e1c85d489988792c4f5dadcb8202c0c3"},"headline":"\u00bfQu\u00e9 es la Autorregulaci\u00f3n en materia de Protecci\u00f3n de Datos?","datePublished":"2025-01-23T18:37:32+00:00","dateModified":"2025-01-29T18:45:28+00:00","mainEntityOfPage":{"@id":"https:\/\/videre.lat\/que-es-la-autorregulacion-en-materia-de-proteccion-de-datos\/"},"wordCount":752,"publisher":{"@id":"https:\/\/videre.lat\/#organization"},"image":{"@id":"https:\/\/videre.lat\/que-es-la-autorregulacion-en-materia-de-proteccion-de-datos\/#primaryimage"},"thumbnailUrl":"https:\/\/videre.lat\/wp-content\/uploads\/2025\/01\/p-392018.webp","articleSection":["Blog"],"inLanguage":"en-US"},{"@type":"WebPage","@id":"https:\/\/videre.lat\/que-es-la-autorregulacion-en-materia-de-proteccion-de-datos\/","url":"https:\/\/videre.lat\/que-es-la-autorregulacion-en-materia-de-proteccion-de-datos\/","name":"\u00bfQu\u00e9 es la Autorregulaci\u00f3n en materia de Protecci\u00f3n de Datos? - videre","isPartOf":{"@id":"https:\/\/videre.lat\/#website"},"primaryImageOfPage":{"@id":"https:\/\/videre.lat\/que-es-la-autorregulacion-en-materia-de-proteccion-de-datos\/#primaryimage"},"image":{"@id":"https:\/\/videre.lat\/que-es-la-autorregulacion-en-materia-de-proteccion-de-datos\/#primaryimage"},"thumbnailUrl":"https:\/\/videre.lat\/wp-content\/uploads\/2025\/01\/p-392018.webp","datePublished":"2025-01-23T18:37:32+00:00","dateModified":"2025-01-29T18:45:28+00:00","description":"Self-regulation in data protection refers to the voluntary efforts of companies and organizations to establish and comply with privacy standards, that is, to comply with the law, and even go beyond its requirements by enabling innovation in favor of data subjects.","breadcrumb":{"@id":"https:\/\/videre.lat\/que-es-la-autorregulacion-en-materia-de-proteccion-de-datos\/#breadcrumb"},"inLanguage":"en-US","potentialAction":[{"@type":"ReadAction","target":["https:\/\/videre.lat\/que-es-la-autorregulacion-en-materia-de-proteccion-de-datos\/"]}]},{"@type":"ImageObject","inLanguage":"en-US","@id":"https:\/\/videre.lat\/que-es-la-autorregulacion-en-materia-de-proteccion-de-datos\/#primaryimage","url":"https:\/\/videre.lat\/wp-content\/uploads\/2025\/01\/p-392018.webp","contentUrl":"https:\/\/videre.lat\/wp-content\/uploads\/2025\/01\/p-392018.webp","width":1200,"height":800},{"@type":"BreadcrumbList","@id":"https:\/\/videre.lat\/que-es-la-autorregulacion-en-materia-de-proteccion-de-datos\/#breadcrumb","itemListElement":[{"@type":"ListItem","position":1,"name":"Portada","item":"https:\/\/videre.lat\/"},{"@type":"ListItem","position":2,"name":"\u00bfQu\u00e9 es la Autorregulaci\u00f3n en materia de Protecci\u00f3n de Datos?"}]},{"@type":"WebSite","@id":"https:\/\/videre.lat\/#website","url":"https:\/\/videre.lat\/","name":"videre","description":"Somos una firma de abogac\u00eda digital","publisher":{"@id":"https:\/\/videre.lat\/#organization"},"potentialAction":[{"@type":"SearchAction","target":{"@type":"EntryPoint","urlTemplate":"https:\/\/videre.lat\/?s={search_term_string}"},"query-input":{"@type":"PropertyValueSpecification","valueRequired":true,"valueName":"search_term_string"}}],"inLanguage":"en-US"},{"@type":"Organization","@id":"https:\/\/videre.lat\/#organization","name":"videre","url":"https:\/\/videre.lat\/","logo":{"@type":"ImageObject","inLanguage":"en-US","@id":"https:\/\/videre.lat\/#\/schema\/logo\/image\/","url":"https:\/\/videre.lat\/wp-content\/uploads\/2025\/01\/videre-logo.png","contentUrl":"https:\/\/videre.lat\/wp-content\/uploads\/2025\/01\/videre-logo.png","width":1600,"height":1600,"caption":"videre"},"image":{"@id":"https:\/\/videre.lat\/#\/schema\/logo\/image\/"},"sameAs":["https:\/\/www.facebook.com\/viderelat","https:\/\/x.com\/viderelat","https:\/\/www.linkedin.com\/company\/viderelat"]},{"@type":"Person","@id":"https:\/\/videre.lat\/#\/schema\/person\/e1c85d489988792c4f5dadcb8202c0c3","name":"VIDERE","image":{"@type":"ImageObject","inLanguage":"en-US","@id":"https:\/\/videre.lat\/#\/schema\/person\/image\/","url":"https:\/\/secure.gravatar.com\/avatar\/6229866e1a76d2b62ff5f66c836bdb51baef7374d7bd25c23191c3fd345ece82?s=96&d=mm&r=g","contentUrl":"https:\/\/secure.gravatar.com\/avatar\/6229866e1a76d2b62ff5f66c836bdb51baef7374d7bd25c23191c3fd345ece82?s=96&d=mm&r=g","caption":"VIDERE"},"sameAs":["https:\/\/videre.lat"],"url":"https:\/\/videre.lat\/en\/author\/jorgelanda\/"}]}},"_links":{"self":[{"href":"https:\/\/videre.lat\/en\/wp-json\/wp\/v2\/posts\/58","targetHints":{"allow":["GET"]}}],"collection":[{"href":"https:\/\/videre.lat\/en\/wp-json\/wp\/v2\/posts"}],"about":[{"href":"https:\/\/videre.lat\/en\/wp-json\/wp\/v2\/types\/post"}],"author":[{"embeddable":true,"href":"https:\/\/videre.lat\/en\/wp-json\/wp\/v2\/users\/1"}],"replies":[{"embeddable":true,"href":"https:\/\/videre.lat\/en\/wp-json\/wp\/v2\/comments?post=58"}],"version-history":[{"count":3,"href":"https:\/\/videre.lat\/en\/wp-json\/wp\/v2\/posts\/58\/revisions"}],"predecessor-version":[{"id":117,"href":"https:\/\/videre.lat\/en\/wp-json\/wp\/v2\/posts\/58\/revisions\/117"}],"wp:featuredmedia":[{"embeddable":true,"href":"https:\/\/videre.lat\/en\/wp-json\/wp\/v2\/media\/62"}],"wp:attachment":[{"href":"https:\/\/videre.lat\/en\/wp-json\/wp\/v2\/media?parent=58"}],"wp:term":[{"taxonomy":"category","embeddable":true,"href":"https:\/\/videre.lat\/en\/wp-json\/wp\/v2\/categories?post=58"},{"taxonomy":"post_tag","embeddable":true,"href":"https:\/\/videre.lat\/en\/wp-json\/wp\/v2\/tags?post=58"}],"curies":[{"name":"wp","href":"https:\/\/api.w.org\/{rel}","templated":true}]}}