{"id":191,"date":"2025-08-01T11:11:11","date_gmt":"2025-08-01T17:11:11","guid":{"rendered":"https:\/\/videre.lat\/?p=191"},"modified":"2025-08-01T11:14:55","modified_gmt":"2025-08-01T17:14:55","slug":"consentimiento-y-servicios-digitales","status":"publish","type":"post","link":"https:\/\/videre.lat\/en\/consentimiento-y-servicios-digitales\/","title":{"rendered":"Consentimiento y servicios digitales"},"content":{"rendered":"<p>En M\u00e9xico una parte significativa de ni\u00f1as, ni\u00f1os y adolescentes se conecta a internet en un celular inteligente y usa redes sociales, videojuegos y aplicaciones de ocio. Las nuevas generaciones socializan en l\u00ednea y tienen acceso a cultura, conocimiento y diversi\u00f3n. Sin embargo, la conectividad tambi\u00e9n presenta desaf\u00edos como adicci\u00f3n tecnol\u00f3gica, acceso a contenidos de odio, acoso en l\u00ednea o, incluso, des\u00f3rdenes alimentarios y enfermedades mentales. La oferta de redes sociales, videojuegos y aplicaciones dise\u00f1adas para explotar las debilidades, la inexperiencia o hasta para generar un comportamiento adictivo puede producir serias afectaciones en la salud f\u00edsica y mental de las infancias y juventudes.<\/p>\n<p>En el informe sobre el impacto en la salud mental que provocan las redes sociales en los menores, publicado en el 2023 por el Consejo Asesor del M\u00e9dico General de Estados Unidos, se estima que la adolescencia y la ni\u00f1ez representan una etapa cr\u00edtica en el desarrollo del cerebro. Esto hace a los j\u00f3venes vulnerables a los da\u00f1os que trae consigo la interacci\u00f3n en redes sociales digitales. De ah\u00ed la necesidad de adoptar medidas urgentes en materia de investigaci\u00f3n, reducci\u00f3n de los da\u00f1os y creaci\u00f3n de entornos m\u00e1s seguros y saludables.<sup><a href=\"#_ftn1\" name=\"_ftnref1\">1<\/a><\/sup><\/p>\n<p>Se debe contar con pol\u00edticas p\u00fablicas nacionales que hagan del internet un lugar seguro para los infantes y adolescentes. Entre los aspectos para garantizar la seguridad en l\u00ednea de este grupo, resaltamos dos fundamentales. El primero, analizar cu\u00e1l es la edad en la que un adolescente puede consentir, de manera directa, interactuar con productos digitales y de qu\u00e9 forma se protegen sus datos personales. El segundo es contar con dise\u00f1os seguros de productos digitales para este sector.<\/p>\n<p>Una opci\u00f3n que podr\u00eda resultar cuestionable es establecer prohibiciones generales de conectividad e interacci\u00f3n de ni\u00f1os, ni\u00f1as y adolescentes con plataformas digitales, ya que se encuentran en las etapas de mayor necesidad de socializaci\u00f3n, as\u00ed como del descubrimiento de su propia personalidad, gustos y preferencias.<\/p>\n<figure id=\"attachment_190\" aria-describedby=\"caption-attachment-190\" style=\"width: 720px\" class=\"wp-caption aligncenter\"><img loading=\"lazy\" decoding=\"async\" src=\"https:\/\/videre.lat\/wp-content\/uploads\/2025\/08\/04-servicios.webp\" alt=\"\" width=\"720\" height=\"720\" class=\"size-full wp-image-190\" srcset=\"https:\/\/videre.lat\/wp-content\/uploads\/2025\/08\/04-servicios.webp 720w, https:\/\/videre.lat\/wp-content\/uploads\/2025\/08\/04-servicios-300x300.webp 300w, https:\/\/videre.lat\/wp-content\/uploads\/2025\/08\/04-servicios-150x150.webp 150w, https:\/\/videre.lat\/wp-content\/uploads\/2025\/08\/04-servicios-12x12.webp 12w\" sizes=\"auto, (max-width: 720px) 100vw, 720px\" \/><figcaption id=\"caption-attachment-190\" class=\"wp-caption-text\">Ilustraci\u00f3n: Adri\u00e1n P\u00e9rez, cortes\u00eda de Nexos<\/figcaption><\/figure>\n<p>Estrategias como Delay the Smartphone han surgido en diversas latitudes, sobre todo en el norte de Europa, donde las asociaciones de madres y padres de familia se enfocan en retrasar el uso de dispositivos y el acceso a redes sociales de las infancias.<\/p>\n<p>En Australia est\u00e1 prohibido acceder a las redes sociales antes de los 16 a\u00f1os. Sin embargo, cumplir esta nueva ley no ha sido f\u00e1cil porque no se definieron los mecanismos para que las plataformas cumplan con las medidas que \u00e9sta exige.<sup><a href=\"#_ftn2\" name=\"_ftnref2\">2<\/a><\/sup><\/p>\n<p>M\u00e9xico, y buena parte de Hispanoam\u00e9rica, sigue inmerso en la tradici\u00f3n jur\u00eddica que no distingue entre los menores de 18 a\u00f1os al otorgar el consentimiento para que sus datos personales sean tratados en el contexto de la oferta de servicios digitales. Aunque la mayor\u00eda de las leyes vigentes de datos personales siguen sin una regla como la descrita, entre los proyectos para modernizar la regi\u00f3n se advierte un impulso favorable a esta perspectiva. <\/p>\n<p>Belice, Chile, Ecuador y Cuba ya establecen edades diferenciadas para el consentimiento de adolescentes. En Belice se fij\u00f3 en los 13 a\u00f1os. En Chile se consideran ni\u00f1os o ni\u00f1as a los menores de 14 a\u00f1os, mientras que adolescentes, a los mayores de 14 y menores de 18 a\u00f1os; en Ecuador la ley dispone los 15 a\u00f1os. En Cuba no se utiliza como par\u00e1metro la edad, sino su grado de autonom\u00eda. Por su parte, Argentina, Costa Rica y M\u00e9xico cuentan con iniciativas de reformas legales que a\u00fan no han sido aprobadas. Es evidente que en la regi\u00f3n no hay un consenso sobre la edad para el consentimiento en servicios digitales.<sup><a href=\"#_ftn3\" name=\"_ftnref3\">3<\/a><\/sup> En Estados Unidos, por el contrario, desde 1998 la Ley de Protecci\u00f3n de la Privacidad Infantil en L\u00ednea (Children&rsquo;s Online Privacy Protection Act, COPPA) regula la forma en que los operadores de sitios web y servicios en l\u00ednea manejan la informaci\u00f3n personal de ni\u00f1os menores de 13 a\u00f1os.<\/p>\n<p>El 30 de julio de 2024, el Senado estadunidense aprob\u00f3 dos leyes: la COPPA 2.0 y la Ley de Seguridad Online para Ni\u00f1os (Kids Online Safety Act, KOSA). Sucedi\u00f3 despu\u00e9s de distintas controversias en plataformas digitales y debido a la presi\u00f3n de asociaciones de padres de familia que pidieron extender las normas de privacidad infantil a los adolescentes. La COPPA 2.0 proh\u00edbe recopilar datos personales digitales de menores de 17 a\u00f1os sin su consentimiento, la publicidad dirigida a ni\u00f1os, ni\u00f1as y adolescentes; adem\u00e1s, establece que se cree un bot\u00f3n para que los padres eliminen la informaci\u00f3n personal en l\u00ednea. Para fortalecer a la Comisi\u00f3n Federal del Comercio estadunidense, se cre\u00f3 la Divisi\u00f3n de Privacidad y Marketing Juvenil. La KOSA, por su parte, proporciona a padres e hijos herramientas para protegerse contra los da\u00f1os en l\u00ednea: exige a las plataformas activar las configuraciones protectoras de ni\u00f1as y ni\u00f1os de forma predeterminada, con opciones para los menores que protejan su informaci\u00f3n, deshabiliten las funciones adictivas de alg\u00fan producto y la alternativa de no recibir recomendaciones algor\u00edtmicas personalizadas.<\/p>\n<p>En Europa el Reglamento General de Protecci\u00f3n de Datos (RGPD) establece que ni\u00f1as, ni\u00f1os y adolescentes merecen protecci\u00f3n espec\u00edfica porque son menos conscientes de riesgos y consecuencias vinculadas al tratamiento de sus datos. Si es exigible el consentimiento, el tratamiento de los datos personales de este grupo se considerar\u00e1 l\u00edcito a partir de los 16 a\u00f1os; si se trata de menores de esa edad, se requiere el consentimiento del titular de la patria potestad o tutela. Los Estados miembros de la Uni\u00f3n Europea podr\u00e1n establecer por ley una edad inferior siempre que \u00e9sta no sea menor a 13 a\u00f1os. Como es el caso de Francia, donde menores de 15 a\u00f1os requieren el consentimiento de sus padres para registrarse en una red social. Por \u00faltimo, los Est\u00e1ndares Iberoamericanos<sup><a href=\"#_ftn4\" name=\"_ftnref4\">4<\/a><\/sup> deben verificar que el consentimiento haya sido otorgado por la persona y que esa verificaci\u00f3n no genere nuevos riesgos, en el caso de que se trate de ni\u00f1as, ni\u00f1os y adolescentes.<sup><a href=\"#_ftn5\" name=\"_ftnref5\">5<\/a><\/sup><\/p>\n<p>Sobre los sistemas de verificaci\u00f3n de la edad, conviene destacar el esfuerzo de la Agencia Espa\u00f1ola de Protecci\u00f3n de Datos Personales. A finales de 2023 present\u00f3 una propuesta para corroborar la edad: protege a las infancias del acceso a contenidos para adultos y que estos contenidos, a su vez, sean accesibles para aquellas personas que demuestren su edad sin que sea necesario hacer visible su identidad.<\/p>\n<p>En M\u00e9xico, seg\u00fan la Convenci\u00f3n de los Derechos del Ni\u00f1o,<sup><a href=\"#_ftn6\" name=\"_ftnref6\">6<\/a><\/sup> la Constituci\u00f3n y los distintos referentes legales en la materia puede distinguirse entre ni\u00f1as y ni\u00f1os con relaci\u00f3n a los adolescentes,<sup><a href=\"#_ftn7\" name=\"_ftnref7\">7<\/a><\/sup> por lo que ser\u00eda factible jur\u00eddicamente establecer una edad distinta a los 18 a\u00f1os para el consentimiento en materia de protecci\u00f3n de datos.<\/p>\n<p>Un buen punto de partida ser\u00eda incluir en la Ley Federal de Protecci\u00f3n de Datos Personales en Posesi\u00f3n de Particulares la edad para que los adolescentes puedan consentir el tratamiento de sus datos. Esto no s\u00f3lo les permite actuar de forma directa con agencia propia, sin necesidad de un adulto, sino que construye todo un ecosistema favorable. De este modo se propicia el dise\u00f1o de productos id\u00f3neos para ellos, as\u00ed los menores no tienen que modificar su fecha de nacimiento para acceder a una plataforma en l\u00ednea, con las consecuencias que eso supone cuando el contenido no est\u00e1 dise\u00f1ado para su grado de madurez.<\/p>\n<p>En cuanto a la labor de las autoridades de protecci\u00f3n de datos, la industria ha ideado productos innovadores dirigidos a este grupo con una clara diferenciaci\u00f3n de edades y contenidos, como YouTube Kids o Instagram Teen Accounts yendo incluso m\u00e1s all\u00e1 de lo requerido y mostrando su responsabilidad social en la materia. Uno de los actores de mayor protagonismo en este compromiso com\u00fan son los Estados y los organismos internacionales, ya que a ellos les corresponde hacer del tema una prioridad en sus agendas. <\/p>\n<p>La apuesta por un mejor futuro para las generaciones por venir debe ser el faro que gu\u00ede a nuestro pa\u00eds a no postergar una discusi\u00f3n tan relevante. Se trata de formar ciudadanos digitales que puedan ejercer sus derechos y libertades en l\u00ednea, sin el lastre de afectaciones en sus etapas tempranas de vida.<\/p>\n<p><strong>Lina Ornelas<\/strong><br \/>\nAbogada con maestr\u00eda en Cooperaci\u00f3n Internacional en la Universidad Libre de Bruselas. Es socia de Videre, Abogac\u00eda Digital S. C. y experta en protecci\u00f3n de datos, privacidad y gobernanza de internet.<\/p>\n<p>Publicado originalmente en <a href=\"https:\/\/www.nexos.com.mx\/?p=85499\"><strong>nexos<\/strong><\/a><\/p>\n<hr>\n<p><sup><a href=\"#_ftnref1\" name=\"_ftn1\">1<\/a><\/sup> Cfr. Ornelas, L. <em>Datos personales y derechos de ni\u00f1as, ni\u00f1os y adolescentes en la sociedad de la informaci\u00f3n, consentimiento y servicios digitales<\/em>, Tirant Lo Blanch, 2024. <\/p>\n<p><sup><a href=\"#_ftnref2\" name=\"_ftn2\">2<\/a><\/sup> Kim, V. &ldquo;Australia prohibi\u00f3 el acceso a redes sociales de menores, \u00bffuncionar\u00e1?&rdquo;, <em>The New York Times<\/em> <em>en Espa\u00f1ol<\/em>, 29 de noviembre de 2024.<\/p>\n<p><sup><a href=\"#_ftnref3\" name=\"_ftn3\">3<\/a><\/sup> Argentina impulsa, a trav\u00e9s de la Agencia de Acceso a la Informaci\u00f3n P\u00fablica, que el consentimiento es v\u00e1lido si el menor de edad tiene como m\u00ednimo 13 a\u00f1os. Costa Rica, en el proyecto de modernizaci\u00f3n de la ley N.\u00b0 8968, establece como edad para el consentimiento adolescente los 15 a\u00f1os. En M\u00e9xico se present\u00f3 una iniciativa de reformas a la Ley Federal de Protecci\u00f3n de Datos Personales en Posesi\u00f3n de Particulares, para establecer los 16 a\u00f1os como la edad para consentir.<\/p>\n<p><sup><a href=\"#_ftnref4\" name=\"_ftn4\">4<\/a><\/sup> Red Iberoamericana de Protecci\u00f3n de Datos. &ldquo;Est\u00e1ndares Iberoamericanos\u00a0 de Protecci\u00f3n de Datos Personales para los Estados Iberoamericanos&rdquo;, recuperado de: https:\/\/www.redipd.org\/sites\/default\/files\/inline-files\/Estanda<\/p>\n<p><sup><a href=\"#_ftnref5\" name=\"_ftn5\">5<\/a><\/sup> Esto en la conciencia de que los sistemas de verificaci\u00f3n actuales han demostrado riesgos como la localizaci\u00f3n de ni\u00f1as, ni\u00f1os y adolescentes a trav\u00e9s de internet, la incertidumbre sobre la edad que se declara, la exposici\u00f3n de la identidad entre m\u00faltiples participantes en la Red, el perfilado masivo o recopilaci\u00f3n y tratamiento de datos en exceso.<\/p>\n<p><sup><a href=\"#_ftnref6\" name=\"_ftn6\">6<\/a><\/sup> La Convenci\u00f3n sobre los Derechos del Ni\u00f1o de la ONU de 1989 reconoci\u00f3 a las ni\u00f1as y los ni\u00f1os (seres humanos menores de 18 a\u00f1os) como individuos con derecho al pleno desarrollo\u00a0 f\u00edsico, mental y social.<\/p>\n<p><sup><a href=\"#_ftnref7\" name=\"_ftn7\">7<\/a><\/sup> Ley General de los Derechos de Ni\u00f1os, Ni\u00f1as y Adolescentes, publicada en el <em>Diario Oficial de la Federaci\u00f3n<\/em>, el 4 de diciembre de 2014 y \u00faltima\u00a0 reforma publicada el 24 de diciembre del 2024. <\/p>","protected":false},"excerpt":{"rendered":"<p>En M\u00e9xico una parte significativa de ni\u00f1as, ni\u00f1os y adolescentes se conecta a internet en un celular inteligente y usa redes sociales, videojuegos y aplicaciones de ocio. Las nuevas generaciones socializan en l\u00ednea y tienen acceso a cultura, conocimiento y diversi\u00f3n.<\/p>","protected":false},"author":3,"featured_media":190,"comment_status":"open","ping_status":"open","sticky":false,"template":"","format":"standard","meta":{"footnotes":""},"categories":[1],"tags":[],"class_list":["post-191","post","type-post","status-publish","format-standard","has-post-thumbnail","hentry","category-blog"],"yoast_head":"<!-- This site is optimized with the Yoast SEO plugin v26.9 - https:\/\/yoast.com\/product\/yoast-seo-wordpress\/ -->\n<title>Consentimiento y servicios digitales - videre<\/title>\n<meta name=\"robots\" content=\"index, follow, max-snippet:-1, max-image-preview:large, max-video-preview:-1\" \/>\n<link rel=\"canonical\" href=\"https:\/\/videre.lat\/en\/consentimiento-y-servicios-digitales\/\" \/>\n<meta property=\"og:locale\" content=\"en_US\" \/>\n<meta property=\"og:type\" content=\"article\" \/>\n<meta property=\"og:title\" content=\"Consentimiento y servicios digitales - videre\" \/>\n<meta property=\"og:description\" content=\"En M\u00e9xico una parte significativa de ni\u00f1as, ni\u00f1os y adolescentes se conecta a internet en un celular inteligente y usa redes sociales, videojuegos y aplicaciones de ocio. Las nuevas generaciones socializan en l\u00ednea y tienen acceso a cultura, conocimiento y diversi\u00f3n.\" \/>\n<meta property=\"og:url\" content=\"https:\/\/videre.lat\/en\/consentimiento-y-servicios-digitales\/\" \/>\n<meta property=\"og:site_name\" content=\"videre\" \/>\n<meta property=\"article:publisher\" content=\"https:\/\/www.facebook.com\/viderelat\" \/>\n<meta property=\"article:published_time\" content=\"2025-08-01T17:11:11+00:00\" \/>\n<meta property=\"article:modified_time\" content=\"2025-08-01T17:14:55+00:00\" \/>\n<meta property=\"og:image\" content=\"https:\/\/videre.lat\/wp-content\/uploads\/2025\/08\/04-servicios.webp\" \/>\n\t<meta property=\"og:image:width\" content=\"720\" \/>\n\t<meta property=\"og:image:height\" content=\"720\" \/>\n\t<meta property=\"og:image:type\" content=\"image\/webp\" \/>\n<meta name=\"author\" content=\"Lina Ornelas\" \/>\n<meta name=\"twitter:card\" content=\"summary_large_image\" \/>\n<meta name=\"twitter:creator\" content=\"@viderelat\" \/>\n<meta name=\"twitter:site\" content=\"@viderelat\" \/>\n<meta name=\"twitter:label1\" content=\"Written by\" \/>\n\t<meta name=\"twitter:data1\" content=\"Lina Ornelas\" \/>\n\t<meta name=\"twitter:label2\" content=\"Est. reading time\" \/>\n\t<meta name=\"twitter:data2\" content=\"1 minute\" \/>\n<script type=\"application\/ld+json\" class=\"yoast-schema-graph\">{\"@context\":\"https:\/\/schema.org\",\"@graph\":[{\"@type\":\"Article\",\"@id\":\"https:\/\/videre.lat\/consentimiento-y-servicios-digitales\/#article\",\"isPartOf\":{\"@id\":\"https:\/\/videre.lat\/consentimiento-y-servicios-digitales\/\"},\"author\":{\"name\":\"Lina Ornelas\",\"@id\":\"https:\/\/videre.lat\/#\/schema\/person\/c3ee88d905f63c03fe7f44a55c3bed5d\"},\"headline\":\"Consentimiento y servicios digitales\",\"datePublished\":\"2025-08-01T17:11:11+00:00\",\"dateModified\":\"2025-08-01T17:14:55+00:00\",\"mainEntityOfPage\":{\"@id\":\"https:\/\/videre.lat\/consentimiento-y-servicios-digitales\/\"},\"wordCount\":1806,\"commentCount\":0,\"publisher\":{\"@id\":\"https:\/\/videre.lat\/#organization\"},\"image\":{\"@id\":\"https:\/\/videre.lat\/consentimiento-y-servicios-digitales\/#primaryimage\"},\"thumbnailUrl\":\"https:\/\/videre.lat\/wp-content\/uploads\/2025\/08\/04-servicios.webp\",\"articleSection\":[\"Blog\"],\"inLanguage\":\"en-US\",\"potentialAction\":[{\"@type\":\"CommentAction\",\"name\":\"Comment\",\"target\":[\"https:\/\/videre.lat\/consentimiento-y-servicios-digitales\/#respond\"]}]},{\"@type\":\"WebPage\",\"@id\":\"https:\/\/videre.lat\/consentimiento-y-servicios-digitales\/\",\"url\":\"https:\/\/videre.lat\/consentimiento-y-servicios-digitales\/\",\"name\":\"Consentimiento y servicios digitales - videre\",\"isPartOf\":{\"@id\":\"https:\/\/videre.lat\/#website\"},\"primaryImageOfPage\":{\"@id\":\"https:\/\/videre.lat\/consentimiento-y-servicios-digitales\/#primaryimage\"},\"image\":{\"@id\":\"https:\/\/videre.lat\/consentimiento-y-servicios-digitales\/#primaryimage\"},\"thumbnailUrl\":\"https:\/\/videre.lat\/wp-content\/uploads\/2025\/08\/04-servicios.webp\",\"datePublished\":\"2025-08-01T17:11:11+00:00\",\"dateModified\":\"2025-08-01T17:14:55+00:00\",\"breadcrumb\":{\"@id\":\"https:\/\/videre.lat\/consentimiento-y-servicios-digitales\/#breadcrumb\"},\"inLanguage\":\"en-US\",\"potentialAction\":[{\"@type\":\"ReadAction\",\"target\":[\"https:\/\/videre.lat\/consentimiento-y-servicios-digitales\/\"]}]},{\"@type\":\"ImageObject\",\"inLanguage\":\"en-US\",\"@id\":\"https:\/\/videre.lat\/consentimiento-y-servicios-digitales\/#primaryimage\",\"url\":\"https:\/\/videre.lat\/wp-content\/uploads\/2025\/08\/04-servicios.webp\",\"contentUrl\":\"https:\/\/videre.lat\/wp-content\/uploads\/2025\/08\/04-servicios.webp\",\"width\":720,\"height\":720,\"caption\":\"Ilustraci\u00f3n: Adri\u00e1n P\u00e9rez, cortes\u00eda de Nexos\"},{\"@type\":\"BreadcrumbList\",\"@id\":\"https:\/\/videre.lat\/consentimiento-y-servicios-digitales\/#breadcrumb\",\"itemListElement\":[{\"@type\":\"ListItem\",\"position\":1,\"name\":\"Portada\",\"item\":\"https:\/\/videre.lat\/\"},{\"@type\":\"ListItem\",\"position\":2,\"name\":\"Consentimiento y servicios digitales\"}]},{\"@type\":\"WebSite\",\"@id\":\"https:\/\/videre.lat\/#website\",\"url\":\"https:\/\/videre.lat\/\",\"name\":\"videre\",\"description\":\"Somos una firma de abogac\u00eda digital\",\"publisher\":{\"@id\":\"https:\/\/videre.lat\/#organization\"},\"potentialAction\":[{\"@type\":\"SearchAction\",\"target\":{\"@type\":\"EntryPoint\",\"urlTemplate\":\"https:\/\/videre.lat\/?s={search_term_string}\"},\"query-input\":{\"@type\":\"PropertyValueSpecification\",\"valueRequired\":true,\"valueName\":\"search_term_string\"}}],\"inLanguage\":\"en-US\"},{\"@type\":\"Organization\",\"@id\":\"https:\/\/videre.lat\/#organization\",\"name\":\"videre\",\"url\":\"https:\/\/videre.lat\/\",\"logo\":{\"@type\":\"ImageObject\",\"inLanguage\":\"en-US\",\"@id\":\"https:\/\/videre.lat\/#\/schema\/logo\/image\/\",\"url\":\"https:\/\/videre.lat\/wp-content\/uploads\/2025\/01\/videre-logo.png\",\"contentUrl\":\"https:\/\/videre.lat\/wp-content\/uploads\/2025\/01\/videre-logo.png\",\"width\":1600,\"height\":1600,\"caption\":\"videre\"},\"image\":{\"@id\":\"https:\/\/videre.lat\/#\/schema\/logo\/image\/\"},\"sameAs\":[\"https:\/\/www.facebook.com\/viderelat\",\"https:\/\/x.com\/viderelat\",\"https:\/\/www.linkedin.com\/company\/viderelat\"]},{\"@type\":\"Person\",\"@id\":\"https:\/\/videre.lat\/#\/schema\/person\/c3ee88d905f63c03fe7f44a55c3bed5d\",\"name\":\"Lina Ornelas\",\"image\":{\"@type\":\"ImageObject\",\"inLanguage\":\"en-US\",\"@id\":\"https:\/\/videre.lat\/#\/schema\/person\/image\/\",\"url\":\"https:\/\/secure.gravatar.com\/avatar\/fe9c02ed688505360e16c1dc92517b4394aec4ab35c88156a004ed5e5625f6b5?s=96&d=mm&r=g\",\"contentUrl\":\"https:\/\/secure.gravatar.com\/avatar\/fe9c02ed688505360e16c1dc92517b4394aec4ab35c88156a004ed5e5625f6b5?s=96&d=mm&r=g\",\"caption\":\"Lina Ornelas\"},\"url\":\"https:\/\/videre.lat\/en\/author\/lina-ornelas\/\"}]}<\/script>\n<!-- \/ Yoast SEO plugin. -->","yoast_head_json":{"title":"Consentimiento y servicios digitales - videre","robots":{"index":"index","follow":"follow","max-snippet":"max-snippet:-1","max-image-preview":"max-image-preview:large","max-video-preview":"max-video-preview:-1"},"canonical":"https:\/\/videre.lat\/en\/consentimiento-y-servicios-digitales\/","og_locale":"en_US","og_type":"article","og_title":"Consentimiento y servicios digitales - videre","og_description":"En M\u00e9xico una parte significativa de ni\u00f1as, ni\u00f1os y adolescentes se conecta a internet en un celular inteligente y usa redes sociales, videojuegos y aplicaciones de ocio. Las nuevas generaciones socializan en l\u00ednea y tienen acceso a cultura, conocimiento y diversi\u00f3n.","og_url":"https:\/\/videre.lat\/en\/consentimiento-y-servicios-digitales\/","og_site_name":"videre","article_publisher":"https:\/\/www.facebook.com\/viderelat","article_published_time":"2025-08-01T17:11:11+00:00","article_modified_time":"2025-08-01T17:14:55+00:00","og_image":[{"width":720,"height":720,"url":"https:\/\/videre.lat\/wp-content\/uploads\/2025\/08\/04-servicios.webp","type":"image\/webp"}],"author":"Lina Ornelas","twitter_card":"summary_large_image","twitter_creator":"@viderelat","twitter_site":"@viderelat","twitter_misc":{"Written by":"Lina Ornelas","Est. reading time":"1 minute"},"schema":{"@context":"https:\/\/schema.org","@graph":[{"@type":"Article","@id":"https:\/\/videre.lat\/consentimiento-y-servicios-digitales\/#article","isPartOf":{"@id":"https:\/\/videre.lat\/consentimiento-y-servicios-digitales\/"},"author":{"name":"Lina Ornelas","@id":"https:\/\/videre.lat\/#\/schema\/person\/c3ee88d905f63c03fe7f44a55c3bed5d"},"headline":"Consentimiento y servicios digitales","datePublished":"2025-08-01T17:11:11+00:00","dateModified":"2025-08-01T17:14:55+00:00","mainEntityOfPage":{"@id":"https:\/\/videre.lat\/consentimiento-y-servicios-digitales\/"},"wordCount":1806,"commentCount":0,"publisher":{"@id":"https:\/\/videre.lat\/#organization"},"image":{"@id":"https:\/\/videre.lat\/consentimiento-y-servicios-digitales\/#primaryimage"},"thumbnailUrl":"https:\/\/videre.lat\/wp-content\/uploads\/2025\/08\/04-servicios.webp","articleSection":["Blog"],"inLanguage":"en-US","potentialAction":[{"@type":"CommentAction","name":"Comment","target":["https:\/\/videre.lat\/consentimiento-y-servicios-digitales\/#respond"]}]},{"@type":"WebPage","@id":"https:\/\/videre.lat\/consentimiento-y-servicios-digitales\/","url":"https:\/\/videre.lat\/consentimiento-y-servicios-digitales\/","name":"Consentimiento y servicios digitales - videre","isPartOf":{"@id":"https:\/\/videre.lat\/#website"},"primaryImageOfPage":{"@id":"https:\/\/videre.lat\/consentimiento-y-servicios-digitales\/#primaryimage"},"image":{"@id":"https:\/\/videre.lat\/consentimiento-y-servicios-digitales\/#primaryimage"},"thumbnailUrl":"https:\/\/videre.lat\/wp-content\/uploads\/2025\/08\/04-servicios.webp","datePublished":"2025-08-01T17:11:11+00:00","dateModified":"2025-08-01T17:14:55+00:00","breadcrumb":{"@id":"https:\/\/videre.lat\/consentimiento-y-servicios-digitales\/#breadcrumb"},"inLanguage":"en-US","potentialAction":[{"@type":"ReadAction","target":["https:\/\/videre.lat\/consentimiento-y-servicios-digitales\/"]}]},{"@type":"ImageObject","inLanguage":"en-US","@id":"https:\/\/videre.lat\/consentimiento-y-servicios-digitales\/#primaryimage","url":"https:\/\/videre.lat\/wp-content\/uploads\/2025\/08\/04-servicios.webp","contentUrl":"https:\/\/videre.lat\/wp-content\/uploads\/2025\/08\/04-servicios.webp","width":720,"height":720,"caption":"Ilustraci\u00f3n: Adri\u00e1n P\u00e9rez, cortes\u00eda de Nexos"},{"@type":"BreadcrumbList","@id":"https:\/\/videre.lat\/consentimiento-y-servicios-digitales\/#breadcrumb","itemListElement":[{"@type":"ListItem","position":1,"name":"Portada","item":"https:\/\/videre.lat\/"},{"@type":"ListItem","position":2,"name":"Consentimiento y servicios digitales"}]},{"@type":"WebSite","@id":"https:\/\/videre.lat\/#website","url":"https:\/\/videre.lat\/","name":"videre","description":"Somos una firma de abogac\u00eda digital","publisher":{"@id":"https:\/\/videre.lat\/#organization"},"potentialAction":[{"@type":"SearchAction","target":{"@type":"EntryPoint","urlTemplate":"https:\/\/videre.lat\/?s={search_term_string}"},"query-input":{"@type":"PropertyValueSpecification","valueRequired":true,"valueName":"search_term_string"}}],"inLanguage":"en-US"},{"@type":"Organization","@id":"https:\/\/videre.lat\/#organization","name":"videre","url":"https:\/\/videre.lat\/","logo":{"@type":"ImageObject","inLanguage":"en-US","@id":"https:\/\/videre.lat\/#\/schema\/logo\/image\/","url":"https:\/\/videre.lat\/wp-content\/uploads\/2025\/01\/videre-logo.png","contentUrl":"https:\/\/videre.lat\/wp-content\/uploads\/2025\/01\/videre-logo.png","width":1600,"height":1600,"caption":"videre"},"image":{"@id":"https:\/\/videre.lat\/#\/schema\/logo\/image\/"},"sameAs":["https:\/\/www.facebook.com\/viderelat","https:\/\/x.com\/viderelat","https:\/\/www.linkedin.com\/company\/viderelat"]},{"@type":"Person","@id":"https:\/\/videre.lat\/#\/schema\/person\/c3ee88d905f63c03fe7f44a55c3bed5d","name":"Lina Ornelas","image":{"@type":"ImageObject","inLanguage":"en-US","@id":"https:\/\/videre.lat\/#\/schema\/person\/image\/","url":"https:\/\/secure.gravatar.com\/avatar\/fe9c02ed688505360e16c1dc92517b4394aec4ab35c88156a004ed5e5625f6b5?s=96&d=mm&r=g","contentUrl":"https:\/\/secure.gravatar.com\/avatar\/fe9c02ed688505360e16c1dc92517b4394aec4ab35c88156a004ed5e5625f6b5?s=96&d=mm&r=g","caption":"Lina Ornelas"},"url":"https:\/\/videre.lat\/en\/author\/lina-ornelas\/"}]}},"_links":{"self":[{"href":"https:\/\/videre.lat\/en\/wp-json\/wp\/v2\/posts\/191","targetHints":{"allow":["GET"]}}],"collection":[{"href":"https:\/\/videre.lat\/en\/wp-json\/wp\/v2\/posts"}],"about":[{"href":"https:\/\/videre.lat\/en\/wp-json\/wp\/v2\/types\/post"}],"author":[{"embeddable":true,"href":"https:\/\/videre.lat\/en\/wp-json\/wp\/v2\/users\/3"}],"replies":[{"embeddable":true,"href":"https:\/\/videre.lat\/en\/wp-json\/wp\/v2\/comments?post=191"}],"version-history":[{"count":1,"href":"https:\/\/videre.lat\/en\/wp-json\/wp\/v2\/posts\/191\/revisions"}],"predecessor-version":[{"id":192,"href":"https:\/\/videre.lat\/en\/wp-json\/wp\/v2\/posts\/191\/revisions\/192"}],"wp:featuredmedia":[{"embeddable":true,"href":"https:\/\/videre.lat\/en\/wp-json\/wp\/v2\/media\/190"}],"wp:attachment":[{"href":"https:\/\/videre.lat\/en\/wp-json\/wp\/v2\/media?parent=191"}],"wp:term":[{"taxonomy":"category","embeddable":true,"href":"https:\/\/videre.lat\/en\/wp-json\/wp\/v2\/categories?post=191"},{"taxonomy":"post_tag","embeddable":true,"href":"https:\/\/videre.lat\/en\/wp-json\/wp\/v2\/tags?post=191"}],"curies":[{"name":"wp","href":"https:\/\/api.w.org\/{rel}","templated":true}]}}