{"id":168,"date":"2025-03-27T09:39:19","date_gmt":"2025-03-27T15:39:19","guid":{"rendered":"https:\/\/videre.lat\/?p=168"},"modified":"2025-03-27T09:39:52","modified_gmt":"2025-03-27T15:39:52","slug":"la-extincion-del-inai-podria-impedir-que-mexico-cumpla-sus-compromisos-en-torno-al-convenio-108","status":"publish","type":"post","link":"https:\/\/videre.lat\/en\/la-extincion-del-inai-podria-impedir-que-mexico-cumpla-sus-compromisos-en-torno-al-convenio-108\/","title":{"rendered":"\u00bfLa extinci\u00f3n del INAI podr\u00eda impedir que M\u00e9xico cumpla sus compromisos en torno al convenio 108?"},"content":{"rendered":"<p>Los flujos transfronterizos de datos personales representan una de las claves para el funcionamiento pleno del comercio internacional.<\/p>\n<p>La econom\u00eda digital es uno de los segmentos m\u00e1s relevantes de la actividad comercial entre los pa\u00edses. En 2023, la industria digital mundial alcanz\u00f3 un valor superior a los 25 billones de d\u00f3lares, representando m\u00e1s de una cuarta parte de la econom\u00eda global (27%)<sup><a href=\"#_ftn1\" name=\"_ftnref1\">1<\/a><\/sup>. En el caso particular de M\u00e9xico, su econom\u00eda digital en 2023 se valor\u00f3 en m\u00e1s de 400,000 millones de pesos, lo que refleja una oportunidad significativa para el comercio electr\u00f3nico<sup><a href=\"#_ftn2\" name=\"_ftnref2\">2<\/a><\/sup>.<\/p>\n<p>Asimismo, se ha estimado que la inteligencia artificial aportar\u00e1 17.9 billones de euros a la econom\u00eda mundial hasta 2030, generando el 3.5% del PIB global<sup><a href=\"#_ftn3\" name=\"_ftnref3\">3<\/a><\/sup>.<\/p>\n<p>Tecnolog\u00eda y comercio forman una dualidad de vocaci\u00f3n universal, en tanto que sus dise\u00f1os, din\u00e1micas y funcionamiento no responden a la existencia de fronteras pol\u00edticas entre pa\u00edses.<\/p>\n<p>La tecnolog\u00eda y sus desarrollos est\u00e1n presentes, esencialmente, en cada aspecto de la vida de las personas, desde temas de esparcimiento, educaci\u00f3n, deporte, informaci\u00f3n hasta cuestiones fundamentales como la salud.<\/p>\n<p>A partir de la pandemia el desarrollo tecnol\u00f3gico se aceler\u00f3 y produjo un impacto, sin precedentes, en la historia de la humanidad, nunca antes se hab\u00eda logrado un nivel de compaginaci\u00f3n humano-tecnolog\u00eda como el alcanzado en ese momento.<\/p>\n<p>Reconociendo as\u00ed el alto nivel de penetraci\u00f3n del desarrollo tecnol\u00f3gico en la vida de las personas y del intercambio de bienes y servicios que el mismo conlleva, la informaci\u00f3n en general y, en particular, los datos personales, representan la materia prima clave desde la que se alimenta, dise\u00f1a y configura la tecnolog\u00eda y el comercio digital que se construye en torno a este ecosistema.<\/p>\n<p>Al respecto, M\u00e9xico dio un paso determinante con la suscripci\u00f3n del Convenio 108, que entr\u00f3 en vigor en 2018, debido a que es el \u00fanico Convenio de vocaci\u00f3n universal que le permite a sus integrantes un libre flujo transfronterizo de datos personales. Actualmente son m\u00e1s de 55 pa\u00edses los que lo han suscrito, mismos que incluyen a todos los estados miembro de la Uni\u00f3n Europea, con quien tenemos vigente un tratado de libre comercio (TLCUEM).<\/p>\n<figure id=\"attachment_167\" aria-describedby=\"caption-attachment-167\" style=\"width: 2560px\" class=\"wp-caption aligncenter\"><img loading=\"lazy\" decoding=\"async\" src=\"https:\/\/videre.lat\/wp-content\/uploads\/2025\/03\/pexels-wolfgang-weiser-467045605-23380999-scaled.jpg\" alt=\"\" width=\"2560\" height=\"1707\" class=\"size-full wp-image-167\" srcset=\"https:\/\/videre.lat\/wp-content\/uploads\/2025\/03\/pexels-wolfgang-weiser-467045605-23380999-scaled.jpg 2560w, https:\/\/videre.lat\/wp-content\/uploads\/2025\/03\/pexels-wolfgang-weiser-467045605-23380999-300x200.jpg 300w, https:\/\/videre.lat\/wp-content\/uploads\/2025\/03\/pexels-wolfgang-weiser-467045605-23380999-1024x683.jpg 1024w, https:\/\/videre.lat\/wp-content\/uploads\/2025\/03\/pexels-wolfgang-weiser-467045605-23380999-768x512.jpg 768w, https:\/\/videre.lat\/wp-content\/uploads\/2025\/03\/pexels-wolfgang-weiser-467045605-23380999-1536x1024.jpg 1536w, https:\/\/videre.lat\/wp-content\/uploads\/2025\/03\/pexels-wolfgang-weiser-467045605-23380999-2048x1365.jpg 2048w, https:\/\/videre.lat\/wp-content\/uploads\/2025\/03\/pexels-wolfgang-weiser-467045605-23380999-18x12.jpg 18w\" sizes=\"auto, (max-width: 2560px) 100vw, 2560px\" \/><figcaption id=\"caption-attachment-167\" class=\"wp-caption-text\">Fotograf\u00eda: <a href=\"https:\/\/www.pexels.com\/photo\/a-loaded-container-ship-in-the-terminal-in-hamburg-germany-23380999\/\">Wolfgang Weiser<\/a><\/figcaption><\/figure>\n<p>\u00bfQu\u00e9 representa esa suscripci\u00f3n para M\u00e9xico?<\/p>\n<p>Una ventaja significativa incalculable de poder intercambiar datos personales, de manera transfronteriza, con m\u00e1s de 55 pa\u00edses, sin que las empresas mexicanas se vean en la necesidad de incurrir en cargas regulatorias complejas para importar datos personales de dichos pa\u00edses, con motivo de la prestaci\u00f3n de bienes o servicios que presten en el contexto de la econom\u00eda digital. Lo anterior cobra mayor relevancia con el uso extensivo de nuevas tecnolog\u00edas exponenciales, tales como la inteligencia artificial que utilizan grandes cantidades de datos para su dise\u00f1o y entrenamiento. De igual manera el comercio electr\u00f3nico conlleva el intercambio intensivo de mercanc\u00edas dentro y fuera de nuestro pa\u00eds.<\/p>\n<p>\u00bfQu\u00e9 ventajas conlleva ser parte del Convenio 108?<\/p>\n<p>Ve\u00e1moslo a trav\u00e9s de dos grandes l\u00edneas:<\/p>\n<p>a) Importar datos personales sin la necesidad de tener que cumplir con ning\u00fan requisito adicional al de la legislaci\u00f3n mexicana, en cualquiera de los pa\u00edses que forman parte del Convenio 108, teniendo en mente que el cumplimiento regulatorio implica cargas jur\u00eddicas y financieras. Esta sola cuesti\u00f3n posibilita por una parte, que el grueso de las micro y peque\u00f1as empresas puedan ser parte de los mercados internacionales sin riesgos, y por la otra, no se puede perder de vista que la econom\u00eda mexicana es parte integrante de la revoluci\u00f3n tecnol\u00f3gica y en ese sentido, un factor determinante para que la econom\u00eda digital prospere, es contar con las condiciones para que las barreras que no existen en mundo f\u00edsico no se interpongan en el mundo digital con ello se trastoque el valor de la globalidad que permite la era digital<sup><a href=\"#_ftn4\" name=\"_ftnref4\">4<\/a><\/sup>.<\/p>\n<p>b) La segunda, pasa por las sanciones, precisamente por el hecho de estar desde un espacio de legalidad o de ilegalidad, con los consecuentes efectos.\u00a0 Que M\u00e9xico abra las puertas, sin limitaciones, a un mercado de m\u00e1s de 55 pa\u00edses, trae consigo un potencial enorme, y que las empresas mexicanas cumplan con esos pa\u00edses con el cumplimiento de la normativa mexicana es una ventaja \u00fanica, de otro modo, se ver\u00edan en la necesidad de cumplir con la regulaci\u00f3n de cada pa\u00eds desde el que deseen importar datos personales y, en algunos casos, ese cumplimiento deber\u00eda darse caso por caso, lo que lo hace m\u00e1s complejo a\u00fan. Debido a esa complejidad, el riesgo de ser sancionado por la importaci\u00f3n de datos personales es muy elevado y esas sanciones podr\u00edan tener efectos de alto impacto entre las empresas, tanto por su efecto econ\u00f3mico como reputacional.<\/p>\n<p>Las reformas legales publicadas el 20 de marzo del a\u00f1o en curso, ponen en riesgo la pertenencia de M\u00e9xico al Convenio 108, espec\u00edficamente, en lo que refiere a su construcci\u00f3n institucional, ya que si bien no se exige un \u00f3rgano constitucional aut\u00f3nomo, si se establece la necesidad de que <strong>exista una autoridad<\/strong> que garantice el cumplimiento de la regulaci\u00f3n, con competencias en investigaci\u00f3n y supervisi\u00f3n, as\u00ed como para participar en procesos judiciales, para atender reclamaciones, que sus decisiones sean revisables por los tribunales y que <strong>goce de total independencia<\/strong> en el ejercicio de sus funciones.<\/p>\n<p>Con la extinci\u00f3n del INAI, la autoridad en materia de protecci\u00f3n de datos personales queda a cargo de la Secretar\u00eda Anticorrupci\u00f3n y Buen Gobierno, cuya naturaleza jur\u00eddica es la de una dependencia del Ejecutivo Federal, por lo que podr\u00eda resultar cuestionable su cualidad de independencia. Un \u00f3rgano desconcentrado con autonom\u00eda t\u00e9cnica y de decisi\u00f3n, como qued\u00f3 trat\u00e1ndose del derecho de acceso a la informaci\u00f3n, podr\u00eda haber sido al menos una opci\u00f3n que con algunos ajustes podr\u00eda atender la exigencia que establece la adhesi\u00f3n al Convenio 108. <\/p>\n<p>El mecanismo para que M\u00e9xico formara parte del Convenio 108 fue resultado de la consulta a los Estados Parte del Convenio sobre la solicitud presentada por M\u00e9xico, junto con la opini\u00f3n favorable sobre la legislaci\u00f3n mexicana en materia de protecci\u00f3n de datos emitida por el Comit\u00e9 Consultivo del Convenio 108 y el Grupo de Relatores sobre Cuestiones Jur\u00eddicas del Consejo de Europa. Con lo anterior, el Comit\u00e9 de Ministros del Consejo de Europa decidi\u00f3 por unanimidad extender una invitaci\u00f3n formal a M\u00e9xico para adherirse al citado Convenio y a su Protocolo Adicional.<\/p>\n<p>En esos t\u00e9rminos, dejar de cumplir los requisitos en la legislaci\u00f3n, que en su momento fueron validados, como podr\u00eda ser el caso de la cualidad de independencia de la autoridad, supone un riesgo de perder la calidad de parte, con lo que podr\u00edan presentarse, entre otras, las siguientes consecuencias:<\/p>\n<ul>\n<li>P\u00e9rdida de solvencia internacional<\/li>\n<li>Impacto econ\u00f3mico, y<\/li>\n<li>Limitaciones en transferencias internacionales de datos en plena era digital.<\/li>\n<\/ul>\n<p>Las reformas a la ley de protecci\u00f3n de datos aplicables al sector privado, llegan en un momento geopol\u00edtico en el que es indispensable no tener una alta dependencia de las operaciones comerciales con un solo pa\u00eds y por el contrario, se puedan explorar nuevas v\u00edas para la innovaci\u00f3n creando nuevos productos para el mercado europeo, aprovechando las ventajas del libre flujo de datos con que todav\u00eda cuenta nuestro pa\u00eds.<\/p>\n<hr>\n<p><sup><a href=\"#_ftnref1\" name=\"_ftn1\">1<\/a><\/sup>https:\/\/desarrollodigital.cepal.org\/es\/datos-y-hechos\/la-industria-digital-representa-el-10-de-la-economia-de-la-region?utm_source=chatgpt.com<\/p>\n<p><sup><a href=\"#_ftnref2\" name=\"_ftn2\">2<\/a><\/sup>https:\/\/www.ift.org.mx\/transformacion-digital\/blog\/la-digitalizacion-como-presente-y-futuro-de-la-economia-en-mexico?utm_source=chatgpt.com<\/p>\n<p><sup><a href=\"#_ftnref3\" name=\"_ftn3\">3<\/a><\/sup>https:\/\/elpais.com\/economia\/2024-09-18\/la-ia-aportara-179-billones-de-euros-a-la-economia-mundial-hasta-2030-cuando-generara-el-35-del-pib.html?utm_source=chatgpt.com<\/p>\n<p><sup><a href=\"#_ftnref4\" name=\"_ftn4\">4<\/a><\/sup> Si las mercanc\u00edas ya circulan libremente al no existir aranceles entre zonas de libre comercio para ciertos productos (como es el caso del TLCUEM), por qu\u00e9 imponer la barrera de la privacidad (al tener que solicitar autorizaci\u00f3n a las autoridades en la materia) que pudieran retrasar o impedir el flujo de datos para completar una transacci\u00f3n electr\u00f3nica como las que se dan en el e-commerce.<\/p>","protected":false},"excerpt":{"rendered":"<p>Los flujos transfronterizos de datos personales representan una de las claves para el funcionamiento pleno del comercio internacional.<\/p>","protected":false},"author":1,"featured_media":167,"comment_status":"open","ping_status":"open","sticky":false,"template":"","format":"standard","meta":{"footnotes":""},"categories":[1],"tags":[],"class_list":["post-168","post","type-post","status-publish","format-standard","has-post-thumbnail","hentry","category-blog"],"yoast_head":"<!-- This site is optimized with the Yoast SEO plugin v26.9 - https:\/\/yoast.com\/product\/yoast-seo-wordpress\/ -->\n<title>\u00bfLa extinci\u00f3n del INAI podr\u00eda impedir que M\u00e9xico cumpla sus compromisos en torno al convenio 108? - videre<\/title>\n<meta name=\"description\" content=\"Los flujos transfronterizos de datos personales representan una de las claves para el funcionamiento pleno del comercio internacional.\" \/>\n<meta name=\"robots\" content=\"index, follow, max-snippet:-1, max-image-preview:large, max-video-preview:-1\" \/>\n<link rel=\"canonical\" href=\"https:\/\/videre.lat\/en\/la-extincion-del-inai-podria-impedir-que-mexico-cumpla-sus-compromisos-en-torno-al-convenio-108\/\" \/>\n<meta property=\"og:locale\" content=\"en_US\" \/>\n<meta property=\"og:type\" content=\"article\" \/>\n<meta property=\"og:title\" content=\"\u00bfLa extinci\u00f3n del INAI podr\u00eda impedir que M\u00e9xico cumpla sus compromisos en torno al convenio 108? - videre\" \/>\n<meta property=\"og:description\" content=\"Los flujos transfronterizos de datos personales representan una de las claves para el funcionamiento pleno del comercio internacional.\" \/>\n<meta property=\"og:url\" content=\"https:\/\/videre.lat\/en\/la-extincion-del-inai-podria-impedir-que-mexico-cumpla-sus-compromisos-en-torno-al-convenio-108\/\" \/>\n<meta property=\"og:site_name\" content=\"videre\" \/>\n<meta property=\"article:publisher\" content=\"https:\/\/www.facebook.com\/viderelat\" \/>\n<meta property=\"article:published_time\" content=\"2025-03-27T15:39:19+00:00\" \/>\n<meta property=\"article:modified_time\" content=\"2025-03-27T15:39:52+00:00\" \/>\n<meta property=\"og:image\" content=\"https:\/\/videre.lat\/wp-content\/uploads\/2025\/03\/pexels-wolfgang-weiser-467045605-23380999-scaled.jpg\" \/>\n\t<meta property=\"og:image:width\" content=\"2560\" \/>\n\t<meta property=\"og:image:height\" content=\"1707\" \/>\n\t<meta property=\"og:image:type\" content=\"image\/jpeg\" \/>\n<meta name=\"author\" content=\"VIDERE\" \/>\n<meta name=\"twitter:card\" content=\"summary_large_image\" \/>\n<meta name=\"twitter:creator\" content=\"@viderelat\" \/>\n<meta name=\"twitter:site\" content=\"@viderelat\" \/>\n<meta name=\"twitter:label1\" content=\"Written by\" \/>\n\t<meta name=\"twitter:data1\" content=\"VIDERE\" \/>\n\t<meta name=\"twitter:label2\" content=\"Est. reading time\" \/>\n\t<meta name=\"twitter:data2\" content=\"6 minutes\" \/>\n<script type=\"application\/ld+json\" class=\"yoast-schema-graph\">{\"@context\":\"https:\/\/schema.org\",\"@graph\":[{\"@type\":\"Article\",\"@id\":\"https:\/\/videre.lat\/la-extincion-del-inai-podria-impedir-que-mexico-cumpla-sus-compromisos-en-torno-al-convenio-108\/#article\",\"isPartOf\":{\"@id\":\"https:\/\/videre.lat\/la-extincion-del-inai-podria-impedir-que-mexico-cumpla-sus-compromisos-en-torno-al-convenio-108\/\"},\"author\":{\"name\":\"VIDERE\",\"@id\":\"https:\/\/videre.lat\/#\/schema\/person\/e1c85d489988792c4f5dadcb8202c0c3\"},\"headline\":\"\u00bfLa extinci\u00f3n del INAI podr\u00eda impedir que M\u00e9xico cumpla sus compromisos en torno al convenio 108?\",\"datePublished\":\"2025-03-27T15:39:19+00:00\",\"dateModified\":\"2025-03-27T15:39:52+00:00\",\"mainEntityOfPage\":{\"@id\":\"https:\/\/videre.lat\/la-extincion-del-inai-podria-impedir-que-mexico-cumpla-sus-compromisos-en-torno-al-convenio-108\/\"},\"wordCount\":1402,\"commentCount\":0,\"publisher\":{\"@id\":\"https:\/\/videre.lat\/#organization\"},\"image\":{\"@id\":\"https:\/\/videre.lat\/la-extincion-del-inai-podria-impedir-que-mexico-cumpla-sus-compromisos-en-torno-al-convenio-108\/#primaryimage\"},\"thumbnailUrl\":\"https:\/\/videre.lat\/wp-content\/uploads\/2025\/03\/pexels-wolfgang-weiser-467045605-23380999-scaled.jpg\",\"articleSection\":[\"Blog\"],\"inLanguage\":\"en-US\",\"potentialAction\":[{\"@type\":\"CommentAction\",\"name\":\"Comment\",\"target\":[\"https:\/\/videre.lat\/la-extincion-del-inai-podria-impedir-que-mexico-cumpla-sus-compromisos-en-torno-al-convenio-108\/#respond\"]}]},{\"@type\":\"WebPage\",\"@id\":\"https:\/\/videre.lat\/la-extincion-del-inai-podria-impedir-que-mexico-cumpla-sus-compromisos-en-torno-al-convenio-108\/\",\"url\":\"https:\/\/videre.lat\/la-extincion-del-inai-podria-impedir-que-mexico-cumpla-sus-compromisos-en-torno-al-convenio-108\/\",\"name\":\"\u00bfLa extinci\u00f3n del INAI podr\u00eda impedir que M\u00e9xico cumpla sus compromisos en torno al convenio 108? - videre\",\"isPartOf\":{\"@id\":\"https:\/\/videre.lat\/#website\"},\"primaryImageOfPage\":{\"@id\":\"https:\/\/videre.lat\/la-extincion-del-inai-podria-impedir-que-mexico-cumpla-sus-compromisos-en-torno-al-convenio-108\/#primaryimage\"},\"image\":{\"@id\":\"https:\/\/videre.lat\/la-extincion-del-inai-podria-impedir-que-mexico-cumpla-sus-compromisos-en-torno-al-convenio-108\/#primaryimage\"},\"thumbnailUrl\":\"https:\/\/videre.lat\/wp-content\/uploads\/2025\/03\/pexels-wolfgang-weiser-467045605-23380999-scaled.jpg\",\"datePublished\":\"2025-03-27T15:39:19+00:00\",\"dateModified\":\"2025-03-27T15:39:52+00:00\",\"description\":\"Los flujos transfronterizos de datos personales representan una de las claves para el funcionamiento pleno del comercio internacional.\",\"breadcrumb\":{\"@id\":\"https:\/\/videre.lat\/la-extincion-del-inai-podria-impedir-que-mexico-cumpla-sus-compromisos-en-torno-al-convenio-108\/#breadcrumb\"},\"inLanguage\":\"en-US\",\"potentialAction\":[{\"@type\":\"ReadAction\",\"target\":[\"https:\/\/videre.lat\/la-extincion-del-inai-podria-impedir-que-mexico-cumpla-sus-compromisos-en-torno-al-convenio-108\/\"]}]},{\"@type\":\"ImageObject\",\"inLanguage\":\"en-US\",\"@id\":\"https:\/\/videre.lat\/la-extincion-del-inai-podria-impedir-que-mexico-cumpla-sus-compromisos-en-torno-al-convenio-108\/#primaryimage\",\"url\":\"https:\/\/videre.lat\/wp-content\/uploads\/2025\/03\/pexels-wolfgang-weiser-467045605-23380999-scaled.jpg\",\"contentUrl\":\"https:\/\/videre.lat\/wp-content\/uploads\/2025\/03\/pexels-wolfgang-weiser-467045605-23380999-scaled.jpg\",\"width\":2560,\"height\":1707,\"caption\":\"Fotograf\u00eda: Wolfgang Weiser\"},{\"@type\":\"BreadcrumbList\",\"@id\":\"https:\/\/videre.lat\/la-extincion-del-inai-podria-impedir-que-mexico-cumpla-sus-compromisos-en-torno-al-convenio-108\/#breadcrumb\",\"itemListElement\":[{\"@type\":\"ListItem\",\"position\":1,\"name\":\"Portada\",\"item\":\"https:\/\/videre.lat\/\"},{\"@type\":\"ListItem\",\"position\":2,\"name\":\"\u00bfLa extinci\u00f3n del INAI podr\u00eda impedir que M\u00e9xico cumpla sus compromisos en torno al convenio 108?\"}]},{\"@type\":\"WebSite\",\"@id\":\"https:\/\/videre.lat\/#website\",\"url\":\"https:\/\/videre.lat\/\",\"name\":\"videre\",\"description\":\"Somos una firma de abogac\u00eda digital\",\"publisher\":{\"@id\":\"https:\/\/videre.lat\/#organization\"},\"potentialAction\":[{\"@type\":\"SearchAction\",\"target\":{\"@type\":\"EntryPoint\",\"urlTemplate\":\"https:\/\/videre.lat\/?s={search_term_string}\"},\"query-input\":{\"@type\":\"PropertyValueSpecification\",\"valueRequired\":true,\"valueName\":\"search_term_string\"}}],\"inLanguage\":\"en-US\"},{\"@type\":\"Organization\",\"@id\":\"https:\/\/videre.lat\/#organization\",\"name\":\"videre\",\"url\":\"https:\/\/videre.lat\/\",\"logo\":{\"@type\":\"ImageObject\",\"inLanguage\":\"en-US\",\"@id\":\"https:\/\/videre.lat\/#\/schema\/logo\/image\/\",\"url\":\"https:\/\/videre.lat\/wp-content\/uploads\/2025\/01\/videre-logo.png\",\"contentUrl\":\"https:\/\/videre.lat\/wp-content\/uploads\/2025\/01\/videre-logo.png\",\"width\":1600,\"height\":1600,\"caption\":\"videre\"},\"image\":{\"@id\":\"https:\/\/videre.lat\/#\/schema\/logo\/image\/\"},\"sameAs\":[\"https:\/\/www.facebook.com\/viderelat\",\"https:\/\/x.com\/viderelat\",\"https:\/\/www.linkedin.com\/company\/viderelat\"]},{\"@type\":\"Person\",\"@id\":\"https:\/\/videre.lat\/#\/schema\/person\/e1c85d489988792c4f5dadcb8202c0c3\",\"name\":\"VIDERE\",\"image\":{\"@type\":\"ImageObject\",\"inLanguage\":\"en-US\",\"@id\":\"https:\/\/videre.lat\/#\/schema\/person\/image\/\",\"url\":\"https:\/\/secure.gravatar.com\/avatar\/6229866e1a76d2b62ff5f66c836bdb51baef7374d7bd25c23191c3fd345ece82?s=96&d=mm&r=g\",\"contentUrl\":\"https:\/\/secure.gravatar.com\/avatar\/6229866e1a76d2b62ff5f66c836bdb51baef7374d7bd25c23191c3fd345ece82?s=96&d=mm&r=g\",\"caption\":\"VIDERE\"},\"sameAs\":[\"https:\/\/videre.lat\"],\"url\":\"https:\/\/videre.lat\/en\/author\/jorgelanda\/\"}]}<\/script>\n<!-- \/ Yoast SEO plugin. -->","yoast_head_json":{"title":"\u00bfLa extinci\u00f3n del INAI podr\u00eda impedir que M\u00e9xico cumpla sus compromisos en torno al convenio 108? - videre","description":"Los flujos transfronterizos de datos personales representan una de las claves para el funcionamiento pleno del comercio internacional.","robots":{"index":"index","follow":"follow","max-snippet":"max-snippet:-1","max-image-preview":"max-image-preview:large","max-video-preview":"max-video-preview:-1"},"canonical":"https:\/\/videre.lat\/en\/la-extincion-del-inai-podria-impedir-que-mexico-cumpla-sus-compromisos-en-torno-al-convenio-108\/","og_locale":"en_US","og_type":"article","og_title":"\u00bfLa extinci\u00f3n del INAI podr\u00eda impedir que M\u00e9xico cumpla sus compromisos en torno al convenio 108? - videre","og_description":"Los flujos transfronterizos de datos personales representan una de las claves para el funcionamiento pleno del comercio internacional.","og_url":"https:\/\/videre.lat\/en\/la-extincion-del-inai-podria-impedir-que-mexico-cumpla-sus-compromisos-en-torno-al-convenio-108\/","og_site_name":"videre","article_publisher":"https:\/\/www.facebook.com\/viderelat","article_published_time":"2025-03-27T15:39:19+00:00","article_modified_time":"2025-03-27T15:39:52+00:00","og_image":[{"width":2560,"height":1707,"url":"https:\/\/videre.lat\/wp-content\/uploads\/2025\/03\/pexels-wolfgang-weiser-467045605-23380999-scaled.jpg","type":"image\/jpeg"}],"author":"VIDERE","twitter_card":"summary_large_image","twitter_creator":"@viderelat","twitter_site":"@viderelat","twitter_misc":{"Written by":"VIDERE","Est. reading time":"6 minutes"},"schema":{"@context":"https:\/\/schema.org","@graph":[{"@type":"Article","@id":"https:\/\/videre.lat\/la-extincion-del-inai-podria-impedir-que-mexico-cumpla-sus-compromisos-en-torno-al-convenio-108\/#article","isPartOf":{"@id":"https:\/\/videre.lat\/la-extincion-del-inai-podria-impedir-que-mexico-cumpla-sus-compromisos-en-torno-al-convenio-108\/"},"author":{"name":"VIDERE","@id":"https:\/\/videre.lat\/#\/schema\/person\/e1c85d489988792c4f5dadcb8202c0c3"},"headline":"\u00bfLa extinci\u00f3n del INAI podr\u00eda impedir que M\u00e9xico cumpla sus compromisos en torno al convenio 108?","datePublished":"2025-03-27T15:39:19+00:00","dateModified":"2025-03-27T15:39:52+00:00","mainEntityOfPage":{"@id":"https:\/\/videre.lat\/la-extincion-del-inai-podria-impedir-que-mexico-cumpla-sus-compromisos-en-torno-al-convenio-108\/"},"wordCount":1402,"commentCount":0,"publisher":{"@id":"https:\/\/videre.lat\/#organization"},"image":{"@id":"https:\/\/videre.lat\/la-extincion-del-inai-podria-impedir-que-mexico-cumpla-sus-compromisos-en-torno-al-convenio-108\/#primaryimage"},"thumbnailUrl":"https:\/\/videre.lat\/wp-content\/uploads\/2025\/03\/pexels-wolfgang-weiser-467045605-23380999-scaled.jpg","articleSection":["Blog"],"inLanguage":"en-US","potentialAction":[{"@type":"CommentAction","name":"Comment","target":["https:\/\/videre.lat\/la-extincion-del-inai-podria-impedir-que-mexico-cumpla-sus-compromisos-en-torno-al-convenio-108\/#respond"]}]},{"@type":"WebPage","@id":"https:\/\/videre.lat\/la-extincion-del-inai-podria-impedir-que-mexico-cumpla-sus-compromisos-en-torno-al-convenio-108\/","url":"https:\/\/videre.lat\/la-extincion-del-inai-podria-impedir-que-mexico-cumpla-sus-compromisos-en-torno-al-convenio-108\/","name":"\u00bfLa extinci\u00f3n del INAI podr\u00eda impedir que M\u00e9xico cumpla sus compromisos en torno al convenio 108? - videre","isPartOf":{"@id":"https:\/\/videre.lat\/#website"},"primaryImageOfPage":{"@id":"https:\/\/videre.lat\/la-extincion-del-inai-podria-impedir-que-mexico-cumpla-sus-compromisos-en-torno-al-convenio-108\/#primaryimage"},"image":{"@id":"https:\/\/videre.lat\/la-extincion-del-inai-podria-impedir-que-mexico-cumpla-sus-compromisos-en-torno-al-convenio-108\/#primaryimage"},"thumbnailUrl":"https:\/\/videre.lat\/wp-content\/uploads\/2025\/03\/pexels-wolfgang-weiser-467045605-23380999-scaled.jpg","datePublished":"2025-03-27T15:39:19+00:00","dateModified":"2025-03-27T15:39:52+00:00","description":"Los flujos transfronterizos de datos personales representan una de las claves para el funcionamiento pleno del comercio internacional.","breadcrumb":{"@id":"https:\/\/videre.lat\/la-extincion-del-inai-podria-impedir-que-mexico-cumpla-sus-compromisos-en-torno-al-convenio-108\/#breadcrumb"},"inLanguage":"en-US","potentialAction":[{"@type":"ReadAction","target":["https:\/\/videre.lat\/la-extincion-del-inai-podria-impedir-que-mexico-cumpla-sus-compromisos-en-torno-al-convenio-108\/"]}]},{"@type":"ImageObject","inLanguage":"en-US","@id":"https:\/\/videre.lat\/la-extincion-del-inai-podria-impedir-que-mexico-cumpla-sus-compromisos-en-torno-al-convenio-108\/#primaryimage","url":"https:\/\/videre.lat\/wp-content\/uploads\/2025\/03\/pexels-wolfgang-weiser-467045605-23380999-scaled.jpg","contentUrl":"https:\/\/videre.lat\/wp-content\/uploads\/2025\/03\/pexels-wolfgang-weiser-467045605-23380999-scaled.jpg","width":2560,"height":1707,"caption":"Fotograf\u00eda: Wolfgang Weiser"},{"@type":"BreadcrumbList","@id":"https:\/\/videre.lat\/la-extincion-del-inai-podria-impedir-que-mexico-cumpla-sus-compromisos-en-torno-al-convenio-108\/#breadcrumb","itemListElement":[{"@type":"ListItem","position":1,"name":"Portada","item":"https:\/\/videre.lat\/"},{"@type":"ListItem","position":2,"name":"\u00bfLa extinci\u00f3n del INAI podr\u00eda impedir que M\u00e9xico cumpla sus compromisos en torno al convenio 108?"}]},{"@type":"WebSite","@id":"https:\/\/videre.lat\/#website","url":"https:\/\/videre.lat\/","name":"videre","description":"Somos una firma de abogac\u00eda digital","publisher":{"@id":"https:\/\/videre.lat\/#organization"},"potentialAction":[{"@type":"SearchAction","target":{"@type":"EntryPoint","urlTemplate":"https:\/\/videre.lat\/?s={search_term_string}"},"query-input":{"@type":"PropertyValueSpecification","valueRequired":true,"valueName":"search_term_string"}}],"inLanguage":"en-US"},{"@type":"Organization","@id":"https:\/\/videre.lat\/#organization","name":"videre","url":"https:\/\/videre.lat\/","logo":{"@type":"ImageObject","inLanguage":"en-US","@id":"https:\/\/videre.lat\/#\/schema\/logo\/image\/","url":"https:\/\/videre.lat\/wp-content\/uploads\/2025\/01\/videre-logo.png","contentUrl":"https:\/\/videre.lat\/wp-content\/uploads\/2025\/01\/videre-logo.png","width":1600,"height":1600,"caption":"videre"},"image":{"@id":"https:\/\/videre.lat\/#\/schema\/logo\/image\/"},"sameAs":["https:\/\/www.facebook.com\/viderelat","https:\/\/x.com\/viderelat","https:\/\/www.linkedin.com\/company\/viderelat"]},{"@type":"Person","@id":"https:\/\/videre.lat\/#\/schema\/person\/e1c85d489988792c4f5dadcb8202c0c3","name":"VIDERE","image":{"@type":"ImageObject","inLanguage":"en-US","@id":"https:\/\/videre.lat\/#\/schema\/person\/image\/","url":"https:\/\/secure.gravatar.com\/avatar\/6229866e1a76d2b62ff5f66c836bdb51baef7374d7bd25c23191c3fd345ece82?s=96&d=mm&r=g","contentUrl":"https:\/\/secure.gravatar.com\/avatar\/6229866e1a76d2b62ff5f66c836bdb51baef7374d7bd25c23191c3fd345ece82?s=96&d=mm&r=g","caption":"VIDERE"},"sameAs":["https:\/\/videre.lat"],"url":"https:\/\/videre.lat\/en\/author\/jorgelanda\/"}]}},"_links":{"self":[{"href":"https:\/\/videre.lat\/en\/wp-json\/wp\/v2\/posts\/168","targetHints":{"allow":["GET"]}}],"collection":[{"href":"https:\/\/videre.lat\/en\/wp-json\/wp\/v2\/posts"}],"about":[{"href":"https:\/\/videre.lat\/en\/wp-json\/wp\/v2\/types\/post"}],"author":[{"embeddable":true,"href":"https:\/\/videre.lat\/en\/wp-json\/wp\/v2\/users\/1"}],"replies":[{"embeddable":true,"href":"https:\/\/videre.lat\/en\/wp-json\/wp\/v2\/comments?post=168"}],"version-history":[{"count":2,"href":"https:\/\/videre.lat\/en\/wp-json\/wp\/v2\/posts\/168\/revisions"}],"predecessor-version":[{"id":170,"href":"https:\/\/videre.lat\/en\/wp-json\/wp\/v2\/posts\/168\/revisions\/170"}],"wp:featuredmedia":[{"embeddable":true,"href":"https:\/\/videre.lat\/en\/wp-json\/wp\/v2\/media\/167"}],"wp:attachment":[{"href":"https:\/\/videre.lat\/en\/wp-json\/wp\/v2\/media?parent=168"}],"wp:term":[{"taxonomy":"category","embeddable":true,"href":"https:\/\/videre.lat\/en\/wp-json\/wp\/v2\/categories?post=168"},{"taxonomy":"post_tag","embeddable":true,"href":"https:\/\/videre.lat\/en\/wp-json\/wp\/v2\/tags?post=168"}],"curies":[{"name":"wp","href":"https:\/\/api.w.org\/{rel}","templated":true}]}}