{"id":154,"date":"2025-02-25T17:44:08","date_gmt":"2025-02-25T23:44:08","guid":{"rendered":"https:\/\/videre.lat\/?p=154"},"modified":"2025-02-25T17:54:11","modified_gmt":"2025-02-25T23:54:11","slug":"ia-privacidad-y-proteccion-de-datos","status":"publish","type":"post","link":"https:\/\/videre.lat\/en\/ia-privacidad-y-proteccion-de-datos\/","title":{"rendered":"IA: Privacidad y protecci\u00f3n de datos"},"content":{"rendered":"<p>Cecilia Azuara e Isabel Davara explican el concepto de inteligencia artificial (IA) y la relevancia de los datos que la alimentan, siendo en su mayor\u00eda datos personales. Detallan qu\u00e9 son los datos personales, subrayando su reconocimiento constitucional y el s\u00f3lido marco jur\u00eddico que garantiza su protecci\u00f3n. Enfatizan la importancia de utilizar la IA en beneficio de las personas, evitando convertirse en objetos de ella.<\/p>\n<p><iframe loading=\"lazy\" width=\"560\" height=\"315\" src=\"https:\/\/www.youtube-nocookie.com\/embed\/-6yjrSAMMFY?si=ZfmLffFsswUmixPY\" title=\"YouTube video player\" frameborder=\"0\" allow=\"accelerometer; autoplay; clipboard-write; encrypted-media; gyroscope; picture-in-picture; web-share\" referrerpolicy=\"strict-origin-when-cross-origin\" allowfullscreen><\/iframe><\/p>","protected":false},"excerpt":{"rendered":"<p>Cecilia Azuara e Isabel Davara explican el concepto de inteligencia artificial (IA) y la relevancia de los datos que la alimentan, siendo en su mayor\u00eda datos personales. Detallan qu\u00e9 son los datos personales, subrayando su reconocimiento constitucional y el s\u00f3lido marco jur\u00eddico que garantiza su protecci\u00f3n. <\/p>","protected":false},"author":1,"featured_media":153,"comment_status":"closed","ping_status":"closed","sticky":false,"template":"","format":"standard","meta":{"footnotes":""},"categories":[1],"tags":[],"class_list":["post-154","post","type-post","status-publish","format-standard","has-post-thumbnail","hentry","category-blog"],"yoast_head":"<!-- This site is optimized with the Yoast SEO plugin v26.9 - https:\/\/yoast.com\/product\/yoast-seo-wordpress\/ -->\n<title>IA: Privacidad y protecci\u00f3n de datos - videre<\/title>\n<meta name=\"description\" content=\"Isabel Davara y Cecilia Azuara explican el concepto de inteligencia artificial (IA) y la relevancia de los datos que la alimentan.\" \/>\n<meta name=\"robots\" content=\"index, follow, max-snippet:-1, max-image-preview:large, max-video-preview:-1\" \/>\n<link rel=\"canonical\" href=\"https:\/\/videre.lat\/en\/ia-privacidad-y-proteccion-de-datos\/\" \/>\n<meta property=\"og:locale\" content=\"en_US\" \/>\n<meta property=\"og:type\" content=\"article\" \/>\n<meta property=\"og:title\" content=\"IA: Privacidad y protecci\u00f3n de datos - videre\" \/>\n<meta property=\"og:description\" content=\"Isabel Davara y Cecilia Azuara explican el concepto de inteligencia artificial (IA) y la relevancia de los datos que la alimentan.\" \/>\n<meta property=\"og:url\" content=\"https:\/\/videre.lat\/en\/ia-privacidad-y-proteccion-de-datos\/\" \/>\n<meta property=\"og:site_name\" content=\"videre\" \/>\n<meta property=\"article:publisher\" content=\"https:\/\/www.facebook.com\/viderelat\" \/>\n<meta property=\"article:published_time\" content=\"2025-02-25T23:44:08+00:00\" \/>\n<meta property=\"article:modified_time\" content=\"2025-02-25T23:54:11+00:00\" \/>\n<meta property=\"og:image\" content=\"https:\/\/videre.lat\/wp-content\/uploads\/2025\/02\/sxxii.jpg\" \/>\n\t<meta property=\"og:image:width\" content=\"1280\" \/>\n\t<meta property=\"og:image:height\" content=\"720\" \/>\n\t<meta property=\"og:image:type\" content=\"image\/jpeg\" \/>\n<meta name=\"author\" content=\"VIDERE\" \/>\n<meta name=\"twitter:card\" content=\"summary_large_image\" \/>\n<meta name=\"twitter:creator\" content=\"@viderelat\" \/>\n<meta name=\"twitter:site\" content=\"@viderelat\" \/>\n<meta name=\"twitter:label1\" content=\"Written by\" \/>\n\t<meta name=\"twitter:data1\" content=\"VIDERE\" \/>\n\t<meta name=\"twitter:label2\" content=\"Est. reading time\" \/>\n\t<meta name=\"twitter:data2\" content=\"1 minute\" \/>\n<script type=\"application\/ld+json\" class=\"yoast-schema-graph\">{\"@context\":\"https:\/\/schema.org\",\"@graph\":[{\"@type\":\"Article\",\"@id\":\"https:\/\/videre.lat\/ia-privacidad-y-proteccion-de-datos\/#article\",\"isPartOf\":{\"@id\":\"https:\/\/videre.lat\/ia-privacidad-y-proteccion-de-datos\/\"},\"author\":{\"name\":\"VIDERE\",\"@id\":\"https:\/\/videre.lat\/#\/schema\/person\/e1c85d489988792c4f5dadcb8202c0c3\"},\"headline\":\"IA: Privacidad y protecci\u00f3n de datos\",\"datePublished\":\"2025-02-25T23:44:08+00:00\",\"dateModified\":\"2025-02-25T23:54:11+00:00\",\"mainEntityOfPage\":{\"@id\":\"https:\/\/videre.lat\/ia-privacidad-y-proteccion-de-datos\/\"},\"wordCount\":75,\"publisher\":{\"@id\":\"https:\/\/videre.lat\/#organization\"},\"image\":{\"@id\":\"https:\/\/videre.lat\/ia-privacidad-y-proteccion-de-datos\/#primaryimage\"},\"thumbnailUrl\":\"https:\/\/videre.lat\/wp-content\/uploads\/2025\/02\/sxxii.jpg\",\"articleSection\":[\"Blog\"],\"inLanguage\":\"en-US\"},{\"@type\":\"WebPage\",\"@id\":\"https:\/\/videre.lat\/ia-privacidad-y-proteccion-de-datos\/\",\"url\":\"https:\/\/videre.lat\/ia-privacidad-y-proteccion-de-datos\/\",\"name\":\"IA: Privacidad y protecci\u00f3n de datos - videre\",\"isPartOf\":{\"@id\":\"https:\/\/videre.lat\/#website\"},\"primaryImageOfPage\":{\"@id\":\"https:\/\/videre.lat\/ia-privacidad-y-proteccion-de-datos\/#primaryimage\"},\"image\":{\"@id\":\"https:\/\/videre.lat\/ia-privacidad-y-proteccion-de-datos\/#primaryimage\"},\"thumbnailUrl\":\"https:\/\/videre.lat\/wp-content\/uploads\/2025\/02\/sxxii.jpg\",\"datePublished\":\"2025-02-25T23:44:08+00:00\",\"dateModified\":\"2025-02-25T23:54:11+00:00\",\"description\":\"Isabel Davara y Cecilia Azuara explican el concepto de inteligencia artificial (IA) y la relevancia de los datos que la alimentan.\",\"breadcrumb\":{\"@id\":\"https:\/\/videre.lat\/ia-privacidad-y-proteccion-de-datos\/#breadcrumb\"},\"inLanguage\":\"en-US\",\"potentialAction\":[{\"@type\":\"ReadAction\",\"target\":[\"https:\/\/videre.lat\/ia-privacidad-y-proteccion-de-datos\/\"]}]},{\"@type\":\"ImageObject\",\"inLanguage\":\"en-US\",\"@id\":\"https:\/\/videre.lat\/ia-privacidad-y-proteccion-de-datos\/#primaryimage\",\"url\":\"https:\/\/videre.lat\/wp-content\/uploads\/2025\/02\/sxxii.jpg\",\"contentUrl\":\"https:\/\/videre.lat\/wp-content\/uploads\/2025\/02\/sxxii.jpg\",\"width\":1280,\"height\":720},{\"@type\":\"BreadcrumbList\",\"@id\":\"https:\/\/videre.lat\/ia-privacidad-y-proteccion-de-datos\/#breadcrumb\",\"itemListElement\":[{\"@type\":\"ListItem\",\"position\":1,\"name\":\"Portada\",\"item\":\"https:\/\/videre.lat\/\"},{\"@type\":\"ListItem\",\"position\":2,\"name\":\"IA: Privacidad y protecci\u00f3n de datos\"}]},{\"@type\":\"WebSite\",\"@id\":\"https:\/\/videre.lat\/#website\",\"url\":\"https:\/\/videre.lat\/\",\"name\":\"videre\",\"description\":\"Somos una firma de abogac\u00eda digital\",\"publisher\":{\"@id\":\"https:\/\/videre.lat\/#organization\"},\"potentialAction\":[{\"@type\":\"SearchAction\",\"target\":{\"@type\":\"EntryPoint\",\"urlTemplate\":\"https:\/\/videre.lat\/?s={search_term_string}\"},\"query-input\":{\"@type\":\"PropertyValueSpecification\",\"valueRequired\":true,\"valueName\":\"search_term_string\"}}],\"inLanguage\":\"en-US\"},{\"@type\":\"Organization\",\"@id\":\"https:\/\/videre.lat\/#organization\",\"name\":\"videre\",\"url\":\"https:\/\/videre.lat\/\",\"logo\":{\"@type\":\"ImageObject\",\"inLanguage\":\"en-US\",\"@id\":\"https:\/\/videre.lat\/#\/schema\/logo\/image\/\",\"url\":\"https:\/\/videre.lat\/wp-content\/uploads\/2025\/01\/videre-logo.png\",\"contentUrl\":\"https:\/\/videre.lat\/wp-content\/uploads\/2025\/01\/videre-logo.png\",\"width\":1600,\"height\":1600,\"caption\":\"videre\"},\"image\":{\"@id\":\"https:\/\/videre.lat\/#\/schema\/logo\/image\/\"},\"sameAs\":[\"https:\/\/www.facebook.com\/viderelat\",\"https:\/\/x.com\/viderelat\",\"https:\/\/www.linkedin.com\/company\/viderelat\"]},{\"@type\":\"Person\",\"@id\":\"https:\/\/videre.lat\/#\/schema\/person\/e1c85d489988792c4f5dadcb8202c0c3\",\"name\":\"VIDERE\",\"image\":{\"@type\":\"ImageObject\",\"inLanguage\":\"en-US\",\"@id\":\"https:\/\/videre.lat\/#\/schema\/person\/image\/\",\"url\":\"https:\/\/secure.gravatar.com\/avatar\/6229866e1a76d2b62ff5f66c836bdb51baef7374d7bd25c23191c3fd345ece82?s=96&d=mm&r=g\",\"contentUrl\":\"https:\/\/secure.gravatar.com\/avatar\/6229866e1a76d2b62ff5f66c836bdb51baef7374d7bd25c23191c3fd345ece82?s=96&d=mm&r=g\",\"caption\":\"VIDERE\"},\"sameAs\":[\"https:\/\/videre.lat\"],\"url\":\"https:\/\/videre.lat\/en\/author\/jorgelanda\/\"}]}<\/script>\n<!-- \/ Yoast SEO plugin. -->","yoast_head_json":{"title":"IA: Privacidad y protecci\u00f3n de datos - videre","description":"Isabel Davara y Cecilia Azuara explican el concepto de inteligencia artificial (IA) y la relevancia de los datos que la alimentan.","robots":{"index":"index","follow":"follow","max-snippet":"max-snippet:-1","max-image-preview":"max-image-preview:large","max-video-preview":"max-video-preview:-1"},"canonical":"https:\/\/videre.lat\/en\/ia-privacidad-y-proteccion-de-datos\/","og_locale":"en_US","og_type":"article","og_title":"IA: Privacidad y protecci\u00f3n de datos - videre","og_description":"Isabel Davara y Cecilia Azuara explican el concepto de inteligencia artificial (IA) y la relevancia de los datos que la alimentan.","og_url":"https:\/\/videre.lat\/en\/ia-privacidad-y-proteccion-de-datos\/","og_site_name":"videre","article_publisher":"https:\/\/www.facebook.com\/viderelat","article_published_time":"2025-02-25T23:44:08+00:00","article_modified_time":"2025-02-25T23:54:11+00:00","og_image":[{"width":1280,"height":720,"url":"https:\/\/videre.lat\/wp-content\/uploads\/2025\/02\/sxxii.jpg","type":"image\/jpeg"}],"author":"VIDERE","twitter_card":"summary_large_image","twitter_creator":"@viderelat","twitter_site":"@viderelat","twitter_misc":{"Written by":"VIDERE","Est. reading time":"1 minute"},"schema":{"@context":"https:\/\/schema.org","@graph":[{"@type":"Article","@id":"https:\/\/videre.lat\/ia-privacidad-y-proteccion-de-datos\/#article","isPartOf":{"@id":"https:\/\/videre.lat\/ia-privacidad-y-proteccion-de-datos\/"},"author":{"name":"VIDERE","@id":"https:\/\/videre.lat\/#\/schema\/person\/e1c85d489988792c4f5dadcb8202c0c3"},"headline":"IA: Privacidad y protecci\u00f3n de datos","datePublished":"2025-02-25T23:44:08+00:00","dateModified":"2025-02-25T23:54:11+00:00","mainEntityOfPage":{"@id":"https:\/\/videre.lat\/ia-privacidad-y-proteccion-de-datos\/"},"wordCount":75,"publisher":{"@id":"https:\/\/videre.lat\/#organization"},"image":{"@id":"https:\/\/videre.lat\/ia-privacidad-y-proteccion-de-datos\/#primaryimage"},"thumbnailUrl":"https:\/\/videre.lat\/wp-content\/uploads\/2025\/02\/sxxii.jpg","articleSection":["Blog"],"inLanguage":"en-US"},{"@type":"WebPage","@id":"https:\/\/videre.lat\/ia-privacidad-y-proteccion-de-datos\/","url":"https:\/\/videre.lat\/ia-privacidad-y-proteccion-de-datos\/","name":"IA: Privacidad y protecci\u00f3n de datos - videre","isPartOf":{"@id":"https:\/\/videre.lat\/#website"},"primaryImageOfPage":{"@id":"https:\/\/videre.lat\/ia-privacidad-y-proteccion-de-datos\/#primaryimage"},"image":{"@id":"https:\/\/videre.lat\/ia-privacidad-y-proteccion-de-datos\/#primaryimage"},"thumbnailUrl":"https:\/\/videre.lat\/wp-content\/uploads\/2025\/02\/sxxii.jpg","datePublished":"2025-02-25T23:44:08+00:00","dateModified":"2025-02-25T23:54:11+00:00","description":"Isabel Davara y Cecilia Azuara explican el concepto de inteligencia artificial (IA) y la relevancia de los datos que la alimentan.","breadcrumb":{"@id":"https:\/\/videre.lat\/ia-privacidad-y-proteccion-de-datos\/#breadcrumb"},"inLanguage":"en-US","potentialAction":[{"@type":"ReadAction","target":["https:\/\/videre.lat\/ia-privacidad-y-proteccion-de-datos\/"]}]},{"@type":"ImageObject","inLanguage":"en-US","@id":"https:\/\/videre.lat\/ia-privacidad-y-proteccion-de-datos\/#primaryimage","url":"https:\/\/videre.lat\/wp-content\/uploads\/2025\/02\/sxxii.jpg","contentUrl":"https:\/\/videre.lat\/wp-content\/uploads\/2025\/02\/sxxii.jpg","width":1280,"height":720},{"@type":"BreadcrumbList","@id":"https:\/\/videre.lat\/ia-privacidad-y-proteccion-de-datos\/#breadcrumb","itemListElement":[{"@type":"ListItem","position":1,"name":"Portada","item":"https:\/\/videre.lat\/"},{"@type":"ListItem","position":2,"name":"IA: Privacidad y protecci\u00f3n de datos"}]},{"@type":"WebSite","@id":"https:\/\/videre.lat\/#website","url":"https:\/\/videre.lat\/","name":"videre","description":"Somos una firma de abogac\u00eda digital","publisher":{"@id":"https:\/\/videre.lat\/#organization"},"potentialAction":[{"@type":"SearchAction","target":{"@type":"EntryPoint","urlTemplate":"https:\/\/videre.lat\/?s={search_term_string}"},"query-input":{"@type":"PropertyValueSpecification","valueRequired":true,"valueName":"search_term_string"}}],"inLanguage":"en-US"},{"@type":"Organization","@id":"https:\/\/videre.lat\/#organization","name":"videre","url":"https:\/\/videre.lat\/","logo":{"@type":"ImageObject","inLanguage":"en-US","@id":"https:\/\/videre.lat\/#\/schema\/logo\/image\/","url":"https:\/\/videre.lat\/wp-content\/uploads\/2025\/01\/videre-logo.png","contentUrl":"https:\/\/videre.lat\/wp-content\/uploads\/2025\/01\/videre-logo.png","width":1600,"height":1600,"caption":"videre"},"image":{"@id":"https:\/\/videre.lat\/#\/schema\/logo\/image\/"},"sameAs":["https:\/\/www.facebook.com\/viderelat","https:\/\/x.com\/viderelat","https:\/\/www.linkedin.com\/company\/viderelat"]},{"@type":"Person","@id":"https:\/\/videre.lat\/#\/schema\/person\/e1c85d489988792c4f5dadcb8202c0c3","name":"VIDERE","image":{"@type":"ImageObject","inLanguage":"en-US","@id":"https:\/\/videre.lat\/#\/schema\/person\/image\/","url":"https:\/\/secure.gravatar.com\/avatar\/6229866e1a76d2b62ff5f66c836bdb51baef7374d7bd25c23191c3fd345ece82?s=96&d=mm&r=g","contentUrl":"https:\/\/secure.gravatar.com\/avatar\/6229866e1a76d2b62ff5f66c836bdb51baef7374d7bd25c23191c3fd345ece82?s=96&d=mm&r=g","caption":"VIDERE"},"sameAs":["https:\/\/videre.lat"],"url":"https:\/\/videre.lat\/en\/author\/jorgelanda\/"}]}},"_links":{"self":[{"href":"https:\/\/videre.lat\/en\/wp-json\/wp\/v2\/posts\/154","targetHints":{"allow":["GET"]}}],"collection":[{"href":"https:\/\/videre.lat\/en\/wp-json\/wp\/v2\/posts"}],"about":[{"href":"https:\/\/videre.lat\/en\/wp-json\/wp\/v2\/types\/post"}],"author":[{"embeddable":true,"href":"https:\/\/videre.lat\/en\/wp-json\/wp\/v2\/users\/1"}],"replies":[{"embeddable":true,"href":"https:\/\/videre.lat\/en\/wp-json\/wp\/v2\/comments?post=154"}],"version-history":[{"count":11,"href":"https:\/\/videre.lat\/en\/wp-json\/wp\/v2\/posts\/154\/revisions"}],"predecessor-version":[{"id":165,"href":"https:\/\/videre.lat\/en\/wp-json\/wp\/v2\/posts\/154\/revisions\/165"}],"wp:featuredmedia":[{"embeddable":true,"href":"https:\/\/videre.lat\/en\/wp-json\/wp\/v2\/media\/153"}],"wp:attachment":[{"href":"https:\/\/videre.lat\/en\/wp-json\/wp\/v2\/media?parent=154"}],"wp:term":[{"taxonomy":"category","embeddable":true,"href":"https:\/\/videre.lat\/en\/wp-json\/wp\/v2\/categories?post=154"},{"taxonomy":"post_tag","embeddable":true,"href":"https:\/\/videre.lat\/en\/wp-json\/wp\/v2\/tags?post=154"}],"curies":[{"name":"wp","href":"https:\/\/api.w.org\/{rel}","templated":true}]}}